{"id":7455,"date":"2018-10-17T21:13:51","date_gmt":"2018-10-17T20:13:51","guid":{"rendered":"https:\/\/elhogargallego.cat\/?p=7455"},"modified":"2022-08-10T09:26:29","modified_gmt":"2022-08-10T09:26:29","slug":"llega-la-noche-gallega-a-la-hacienda-del-hogar-gallego-2","status":"publish","type":"post","link":"https:\/\/elhogargallego.cat\/es\/llega-la-noche-gallega-a-la-hacienda-del-hogar-gallego-2\/","title":{"rendered":"\u00a1Llega la Noche Gallega a La Hacienda del Hogar Gallego!"},"content":{"rendered":"<p><span style=\"font-weight: 400;\">\u00a1En <strong>El Hogar Gallego y La Hacienda del Hogar Gallego estamos de enhorabuena<\/strong>! Se acerca una de las fiestas preferidas de todo el equipo y de todos nuestros clientes: <strong>La Noche Gallega, una noche en la que le rendimos un homenaje a la querida tierra de nuestros abuelos<\/strong>. \u00bfEl objetivo? Disfrutar de su rica gastronom\u00eda y \u00a1pas\u00e1rnoslo genial! \u00a1Reserva en tu agenda el pr\u00f3ximo 17 de Noviembre! <\/span><\/p>\n<p><img fetchpriority=\"high\" decoding=\"async\" class=\"aligncenter size-full wp-image-7387\" src=\"https:\/\/elhogargallego.cat\/wp-content\/uploads\/2018\/10\/WhatsApp-Image-2018-10-17-at-09.51.13.jpeg\" alt=\"\" width=\"1600\" height=\"1147\" srcset=\"https:\/\/elhogargallego.cat\/wp-content\/uploads\/2018\/10\/WhatsApp-Image-2018-10-17-at-09.51.13.jpeg 1600w, https:\/\/elhogargallego.cat\/wp-content\/uploads\/2018\/10\/WhatsApp-Image-2018-10-17-at-09.51.13-300x215.jpeg 300w, https:\/\/elhogargallego.cat\/wp-content\/uploads\/2018\/10\/WhatsApp-Image-2018-10-17-at-09.51.13-1024x734.jpeg 1024w, https:\/\/elhogargallego.cat\/wp-content\/uploads\/2018\/10\/WhatsApp-Image-2018-10-17-at-09.51.13-768x551.jpeg 768w, https:\/\/elhogargallego.cat\/wp-content\/uploads\/2018\/10\/WhatsApp-Image-2018-10-17-at-09.51.13-1536x1101.jpeg 1536w\" sizes=\"(max-width: 1600px) 100vw, 1600px\" \/><\/p>\n<p><span style=\"font-weight: 400;\">La Noche Gallega llega a nuestra casa un a\u00f1o m\u00e1s con <strong>la idea de sorprender a todos los que disfruten de ella.<\/strong> En La Noche Gallega 2018 podr\u00e9is disfrutar de un exclusivo <strong>men\u00fa realizado por nuestro chef Toni Gordillo<\/strong> (nuestro Jefe de cocina) <strong>donde degustaremos productos t\u00edpicos de tierras gallegas<\/strong>. Adem\u00e1s, contaremos con nuestro DJ Edu que nos ayudar\u00e1 a convertir<strong> La Noche Gallega de 2018 en una fiesta inolvidable<\/strong> para todos los que pod\u00e1is disfrutar de ella. <\/span><\/p>\n<p><img decoding=\"async\" class=\"aligncenter size-full wp-image-7384\" src=\"https:\/\/elhogargallego.cat\/wp-content\/uploads\/2018\/10\/WhatsApp-Image-2018-10-17-at-09.51.13-2.jpeg\" alt=\"\" width=\"1600\" height=\"1147\" srcset=\"https:\/\/elhogargallego.cat\/wp-content\/uploads\/2018\/10\/WhatsApp-Image-2018-10-17-at-09.51.13-2.jpeg 1600w, https:\/\/elhogargallego.cat\/wp-content\/uploads\/2018\/10\/WhatsApp-Image-2018-10-17-at-09.51.13-2-300x215.jpeg 300w, https:\/\/elhogargallego.cat\/wp-content\/uploads\/2018\/10\/WhatsApp-Image-2018-10-17-at-09.51.13-2-1024x734.jpeg 1024w, https:\/\/elhogargallego.cat\/wp-content\/uploads\/2018\/10\/WhatsApp-Image-2018-10-17-at-09.51.13-2-768x551.jpeg 768w, https:\/\/elhogargallego.cat\/wp-content\/uploads\/2018\/10\/WhatsApp-Image-2018-10-17-at-09.51.13-2-1536x1101.jpeg 1536w\" sizes=\"(max-width: 1600px) 100vw, 1600px\" \/><\/p>\n<h3><strong>Un men\u00fa de lujo para La Noche Gallega<\/strong><\/h3>\n<p><span style=\"font-weight: 400;\">En esta noche le rendimos un homenaje a la tierra de nuestros abuelos y, como no pod\u00eda ser de otra manera, en el men\u00fa se ve reflejado dicho homenaje. En primer lugar, os recibiremos con una <strong>Copa de Cava de Bienvenida mientras van llegando todos los invitados a la fiesta para dar paso a una mesa repleta de Ostras de Cambados, N\u00e9coras, Camarones, Percebes, Lac\u00f3n al estilo Feira, Pimientos del Padr\u00f3n, Mejillones gallegos con vinagreta, Berberechos de la r\u00eda, Zamburi\u00f1as gallegas, Pulpo a la gallega y Empanada gallega<\/strong> \u00bfqu\u00e9 os parece? \u00bfno se os hace ya la boca agua? A continuaci\u00f3n, un buen <strong>Chulet\u00f3n de ternera gallega ser\u00e1 el protagonista<\/strong>. Como postre nada mejor que <strong>Tarta de Santiago<\/strong>. El broche final lo pondr\u00e1 una selecci\u00f3n de <strong>orujos gallegos que podr\u00e9is degustar junto al caf\u00e9<\/strong>. <\/span><\/p>\n<p><img decoding=\"async\" class=\"aligncenter wp-image-7414\" src=\"https:\/\/elhogargallego.cat\/wp-content\/uploads\/2018\/10\/NOCHE_GALLEGA.png\" alt=\"\" width=\"903\" height=\"1096\"><\/p>\n<h3><strong>Y adem\u00e1s\u2026 \u00a1m\u00fasica y baile!<\/strong><\/h3>\n<p><span style=\"font-weight: 400;\">La hora prevista para que d\u00e9 inicio <strong>La Noche Gallega 2018 son las 21:00<\/strong> y, desde ese momento, podr\u00e9is disfrutar de m\u00fasica de ambiente, gracias a nuestro DJ Edu. Una vez que hay\u00e1is acabado de cenar podr\u00e9is arrancaros a bailar <strong>hasta las 3:00 de la madrugada<\/strong>. \u00bfNo os parece un plan genial?<\/span><\/p>\n<p>&nbsp;<\/p>\n<p><span style=\"font-weight: 400;\">As\u00ed que, ya sab\u00e9is, el pr\u00f3ximo<strong> s\u00e1bado 17 de Noviembre ten\u00e9is una cita con La Hacienda del Hogar Gallego y El Hogar Gallego para disfrutar de una noche m\u00e1gica donde Galicia es la protagonista<\/strong>: La Noche Gallega se acerca y estamos seguros que ser\u00e1 una fiesta inolvidable. \u00a1Te esperamos! <\/span><\/p>\n<p>&nbsp;<\/p>\n<h3><strong>Haz tu reserva llamando al 937662027 o env\u00eda un email a reserva@lahacienda.cat<\/strong><\/h3>\n<p>&nbsp;<\/p>\n<p><span style=\"font-weight: 400;\">\u00a1Estaremos encantados de resolver todas tus dudas!<\/span><\/p>\n<p>&nbsp;<\/p>\n","protected":false},"excerpt":{"rendered":"<p>\u00a1En El Hogar Gallego y La Hacienda del Hogar Gallego estamos de enhorabuena! Se acerca una de las fiestas preferidas de todo el equipo y de todos nuestros clientes: La Noche Gallega, una noche en la que le rendimos un homenaje a la querida tierra de nuestros abuelos. \u00bfEl objetivo? Disfrutar de su rica gastronom\u00eda [&hellip;]<\/p>\n","protected":false},"author":2,"featured_media":7334,"comment_status":"open","ping_status":"open","sticky":false,"template":"","format":"standard","meta":{"footnotes":""},"categories":[16],"tags":[],"class_list":["post-7455","post","type-post","status-publish","format-standard","has-post-thumbnail","hentry","category-noticias"],"yoast_head":"<!-- This site is optimized with the Yoast SEO plugin v23.7 - https:\/\/yoast.com\/wordpress\/plugins\/seo\/ -->\n<title>\u00a1Llega la Noche Gallega a La Hacienda del Hogar Gallego! - El Hogar Gallego<\/title>\n<meta name=\"robots\" content=\"index, follow, max-snippet:-1, max-image-preview:large, max-video-preview:-1\" \/>\n<link rel=\"canonical\" href=\"https:\/\/elhogargallego.cat\/es\/llega-la-noche-gallega-a-la-hacienda-del-hogar-gallego-2\/\" \/>\n<meta property=\"og:locale\" content=\"es_ES\" \/>\n<meta property=\"og:type\" content=\"article\" \/>\n<meta property=\"og:title\" content=\"\u00a1Llega la Noche Gallega a La Hacienda del Hogar Gallego! - El Hogar Gallego\" \/>\n<meta property=\"og:description\" content=\"\u00a1En El Hogar Gallego y La Hacienda del Hogar Gallego estamos de enhorabuena! Se acerca una de las fiestas preferidas de todo el equipo y de todos nuestros clientes: La Noche Gallega, una noche en la que le rendimos un homenaje a la querida tierra de nuestros abuelos. \u00bfEl objetivo? Disfrutar de su rica gastronom\u00eda [&hellip;]\" \/>\n<meta property=\"og:url\" content=\"https:\/\/elhogargallego.cat\/es\/llega-la-noche-gallega-a-la-hacienda-del-hogar-gallego-2\/\" \/>\n<meta property=\"og:site_name\" content=\"El Hogar Gallego\" \/>\n<meta property=\"article:publisher\" content=\"https:\/\/www.facebook.com\/ElHogarGallego\" \/>\n<meta property=\"article:published_time\" content=\"2018-10-17T20:13:51+00:00\" \/>\n<meta property=\"article:modified_time\" content=\"2022-08-10T09:26:29+00:00\" \/>\n<meta property=\"og:image\" content=\"https:\/\/elhogargallego.cat\/wp-content\/uploads\/2018\/10\/JSB_5169.jpg\" \/>\n\t<meta property=\"og:image:width\" content=\"1150\" \/>\n\t<meta property=\"og:image:height\" content=\"768\" \/>\n\t<meta property=\"og:image:type\" content=\"image\/jpeg\" \/>\n<meta name=\"author\" content=\"elhogar\" \/>\n<meta name=\"twitter:card\" content=\"summary_large_image\" \/>\n<meta name=\"twitter:label1\" content=\"Escrito por\" \/>\n\t<meta name=\"twitter:data1\" content=\"elhogar\" \/>\n\t<meta name=\"twitter:label2\" content=\"Tiempo de lectura\" \/>\n\t<meta name=\"twitter:data2\" content=\"2 minutos\" \/>\n<script type=\"application\/ld+json\" class=\"yoast-schema-graph\">{\"@context\":\"https:\/\/schema.org\",\"@graph\":[{\"@type\":\"Article\",\"@id\":\"https:\/\/elhogargallego.cat\/es\/llega-la-noche-gallega-a-la-hacienda-del-hogar-gallego-2\/#article\",\"isPartOf\":{\"@id\":\"https:\/\/elhogargallego.cat\/es\/llega-la-noche-gallega-a-la-hacienda-del-hogar-gallego-2\/\"},\"author\":{\"name\":\"elhogar\",\"@id\":\"https:\/\/elhogargallego.cat\/es\/#\/schema\/person\/9c4b2cc2c1753a0a574b9bf8d7bcab3f\"},\"headline\":\"\u00a1Llega la Noche Gallega a La Hacienda del Hogar Gallego!\",\"datePublished\":\"2018-10-17T20:13:51+00:00\",\"dateModified\":\"2022-08-10T09:26:29+00:00\",\"mainEntityOfPage\":{\"@id\":\"https:\/\/elhogargallego.cat\/es\/llega-la-noche-gallega-a-la-hacienda-del-hogar-gallego-2\/\"},\"wordCount\":451,\"commentCount\":0,\"publisher\":{\"@id\":\"https:\/\/elhogargallego.cat\/es\/#organization\"},\"image\":{\"@id\":\"https:\/\/elhogargallego.cat\/es\/llega-la-noche-gallega-a-la-hacienda-del-hogar-gallego-2\/#primaryimage\"},\"thumbnailUrl\":\"https:\/\/elhogargallego.cat\/wp-content\/uploads\/2018\/10\/JSB_5169.jpg\",\"articleSection\":[\"Noticias\"],\"inLanguage\":\"es\"},{\"@type\":\"WebPage\",\"@id\":\"https:\/\/elhogargallego.cat\/es\/llega-la-noche-gallega-a-la-hacienda-del-hogar-gallego-2\/\",\"url\":\"https:\/\/elhogargallego.cat\/es\/llega-la-noche-gallega-a-la-hacienda-del-hogar-gallego-2\/\",\"name\":\"\u00a1Llega la Noche Gallega a La Hacienda del Hogar Gallego! - El Hogar Gallego\",\"isPartOf\":{\"@id\":\"https:\/\/elhogargallego.cat\/es\/#website\"},\"primaryImageOfPage\":{\"@id\":\"https:\/\/elhogargallego.cat\/es\/llega-la-noche-gallega-a-la-hacienda-del-hogar-gallego-2\/#primaryimage\"},\"image\":{\"@id\":\"https:\/\/elhogargallego.cat\/es\/llega-la-noche-gallega-a-la-hacienda-del-hogar-gallego-2\/#primaryimage\"},\"thumbnailUrl\":\"https:\/\/elhogargallego.cat\/wp-content\/uploads\/2018\/10\/JSB_5169.jpg\",\"datePublished\":\"2018-10-17T20:13:51+00:00\",\"dateModified\":\"2022-08-10T09:26:29+00:00\",\"breadcrumb\":{\"@id\":\"https:\/\/elhogargallego.cat\/es\/llega-la-noche-gallega-a-la-hacienda-del-hogar-gallego-2\/#breadcrumb\"},\"inLanguage\":\"es\",\"potentialAction\":[{\"@type\":\"ReadAction\",\"target\":[\"https:\/\/elhogargallego.cat\/es\/llega-la-noche-gallega-a-la-hacienda-del-hogar-gallego-2\/\"]}]},{\"@type\":\"ImageObject\",\"inLanguage\":\"es\",\"@id\":\"https:\/\/elhogargallego.cat\/es\/llega-la-noche-gallega-a-la-hacienda-del-hogar-gallego-2\/#primaryimage\",\"url\":\"https:\/\/elhogargallego.cat\/wp-content\/uploads\/2018\/10\/JSB_5169.jpg\",\"contentUrl\":\"https:\/\/elhogargallego.cat\/wp-content\/uploads\/2018\/10\/JSB_5169.jpg\",\"width\":1150,\"height\":768},{\"@type\":\"BreadcrumbList\",\"@id\":\"https:\/\/elhogargallego.cat\/es\/llega-la-noche-gallega-a-la-hacienda-del-hogar-gallego-2\/#breadcrumb\",\"itemListElement\":[{\"@type\":\"ListItem\",\"position\":1,\"name\":\"Inici\",\"item\":\"https:\/\/elhogargallego.cat\/es\/\"},{\"@type\":\"ListItem\",\"position\":2,\"name\":\"\u00a1Llega la Noche Gallega a La Hacienda del Hogar Gallego!\"}]},{\"@type\":\"WebSite\",\"@id\":\"https:\/\/elhogargallego.cat\/es\/#website\",\"url\":\"https:\/\/elhogargallego.cat\/es\/\",\"name\":\"El Hogar Gallego\",\"description\":\"\",\"publisher\":{\"@id\":\"https:\/\/elhogargallego.cat\/es\/#organization\"},\"potentialAction\":[{\"@type\":\"SearchAction\",\"target\":{\"@type\":\"EntryPoint\",\"urlTemplate\":\"https:\/\/elhogargallego.cat\/es\/?s={search_term_string}\"},\"query-input\":{\"@type\":\"PropertyValueSpecification\",\"valueRequired\":true,\"valueName\":\"search_term_string\"}}],\"inLanguage\":\"es\"},{\"@type\":\"Organization\",\"@id\":\"https:\/\/elhogargallego.cat\/es\/#organization\",\"name\":\"El Hogar Gallego\",\"url\":\"https:\/\/elhogargallego.cat\/es\/\",\"logo\":{\"@type\":\"ImageObject\",\"inLanguage\":\"es\",\"@id\":\"https:\/\/elhogargallego.cat\/es\/#\/schema\/logo\/image\/\",\"url\":\"https:\/\/elhogargallego.cat\/wp-content\/uploads\/2025\/02\/logo50.png\",\"contentUrl\":\"https:\/\/elhogargallego.cat\/wp-content\/uploads\/2025\/02\/logo50.png\",\"width\":150,\"height\":114,\"caption\":\"El Hogar Gallego\"},\"image\":{\"@id\":\"https:\/\/elhogargallego.cat\/es\/#\/schema\/logo\/image\/\"},\"sameAs\":[\"https:\/\/www.facebook.com\/ElHogarGallego\",\"http:\/\/instagram.com\/elhogargallego\",\"http:\/\/www.youtube.com\/haciendahogargallego\",\"https:\/\/www.tripadvisor.es\/Restaurant_Review-g580327-d997075-Reviews-El_Hogar_Gallego-Calella_Catalonia.html\"]},{\"@type\":\"Person\",\"@id\":\"https:\/\/elhogargallego.cat\/es\/#\/schema\/person\/9c4b2cc2c1753a0a574b9bf8d7bcab3f\",\"name\":\"elhogar\",\"url\":\"https:\/\/elhogargallego.cat\/es\/author\/elhogar\/\"}]}<\/script>\n<!-- \/ Yoast SEO plugin. -->","yoast_head_json":{"title":"\u00a1Llega la Noche Gallega a La Hacienda del Hogar Gallego! - El Hogar Gallego","robots":{"index":"index","follow":"follow","max-snippet":"max-snippet:-1","max-image-preview":"max-image-preview:large","max-video-preview":"max-video-preview:-1"},"canonical":"https:\/\/elhogargallego.cat\/es\/llega-la-noche-gallega-a-la-hacienda-del-hogar-gallego-2\/","og_locale":"es_ES","og_type":"article","og_title":"\u00a1Llega la Noche Gallega a La Hacienda del Hogar Gallego! - El Hogar Gallego","og_description":"\u00a1En El Hogar Gallego y La Hacienda del Hogar Gallego estamos de enhorabuena! Se acerca una de las fiestas preferidas de todo el equipo y de todos nuestros clientes: La Noche Gallega, una noche en la que le rendimos un homenaje a la querida tierra de nuestros abuelos. \u00bfEl objetivo? Disfrutar de su rica gastronom\u00eda [&hellip;]","og_url":"https:\/\/elhogargallego.cat\/es\/llega-la-noche-gallega-a-la-hacienda-del-hogar-gallego-2\/","og_site_name":"El Hogar Gallego","article_publisher":"https:\/\/www.facebook.com\/ElHogarGallego","article_published_time":"2018-10-17T20:13:51+00:00","article_modified_time":"2022-08-10T09:26:29+00:00","og_image":[{"width":1150,"height":768,"url":"https:\/\/elhogargallego.cat\/wp-content\/uploads\/2018\/10\/JSB_5169.jpg","type":"image\/jpeg"}],"author":"elhogar","twitter_card":"summary_large_image","twitter_misc":{"Escrito por":"elhogar","Tiempo de lectura":"2 minutos"},"schema":{"@context":"https:\/\/schema.org","@graph":[{"@type":"Article","@id":"https:\/\/elhogargallego.cat\/es\/llega-la-noche-gallega-a-la-hacienda-del-hogar-gallego-2\/#article","isPartOf":{"@id":"https:\/\/elhogargallego.cat\/es\/llega-la-noche-gallega-a-la-hacienda-del-hogar-gallego-2\/"},"author":{"name":"elhogar","@id":"https:\/\/elhogargallego.cat\/es\/#\/schema\/person\/9c4b2cc2c1753a0a574b9bf8d7bcab3f"},"headline":"\u00a1Llega la Noche Gallega a La Hacienda del Hogar Gallego!","datePublished":"2018-10-17T20:13:51+00:00","dateModified":"2022-08-10T09:26:29+00:00","mainEntityOfPage":{"@id":"https:\/\/elhogargallego.cat\/es\/llega-la-noche-gallega-a-la-hacienda-del-hogar-gallego-2\/"},"wordCount":451,"commentCount":0,"publisher":{"@id":"https:\/\/elhogargallego.cat\/es\/#organization"},"image":{"@id":"https:\/\/elhogargallego.cat\/es\/llega-la-noche-gallega-a-la-hacienda-del-hogar-gallego-2\/#primaryimage"},"thumbnailUrl":"https:\/\/elhogargallego.cat\/wp-content\/uploads\/2018\/10\/JSB_5169.jpg","articleSection":["Noticias"],"inLanguage":"es"},{"@type":"WebPage","@id":"https:\/\/elhogargallego.cat\/es\/llega-la-noche-gallega-a-la-hacienda-del-hogar-gallego-2\/","url":"https:\/\/elhogargallego.cat\/es\/llega-la-noche-gallega-a-la-hacienda-del-hogar-gallego-2\/","name":"\u00a1Llega la Noche Gallega a La Hacienda del Hogar Gallego! - El Hogar Gallego","isPartOf":{"@id":"https:\/\/elhogargallego.cat\/es\/#website"},"primaryImageOfPage":{"@id":"https:\/\/elhogargallego.cat\/es\/llega-la-noche-gallega-a-la-hacienda-del-hogar-gallego-2\/#primaryimage"},"image":{"@id":"https:\/\/elhogargallego.cat\/es\/llega-la-noche-gallega-a-la-hacienda-del-hogar-gallego-2\/#primaryimage"},"thumbnailUrl":"https:\/\/elhogargallego.cat\/wp-content\/uploads\/2018\/10\/JSB_5169.jpg","datePublished":"2018-10-17T20:13:51+00:00","dateModified":"2022-08-10T09:26:29+00:00","breadcrumb":{"@id":"https:\/\/elhogargallego.cat\/es\/llega-la-noche-gallega-a-la-hacienda-del-hogar-gallego-2\/#breadcrumb"},"inLanguage":"es","potentialAction":[{"@type":"ReadAction","target":["https:\/\/elhogargallego.cat\/es\/llega-la-noche-gallega-a-la-hacienda-del-hogar-gallego-2\/"]}]},{"@type":"ImageObject","inLanguage":"es","@id":"https:\/\/elhogargallego.cat\/es\/llega-la-noche-gallega-a-la-hacienda-del-hogar-gallego-2\/#primaryimage","url":"https:\/\/elhogargallego.cat\/wp-content\/uploads\/2018\/10\/JSB_5169.jpg","contentUrl":"https:\/\/elhogargallego.cat\/wp-content\/uploads\/2018\/10\/JSB_5169.jpg","width":1150,"height":768},{"@type":"BreadcrumbList","@id":"https:\/\/elhogargallego.cat\/es\/llega-la-noche-gallega-a-la-hacienda-del-hogar-gallego-2\/#breadcrumb","itemListElement":[{"@type":"ListItem","position":1,"name":"Inici","item":"https:\/\/elhogargallego.cat\/es\/"},{"@type":"ListItem","position":2,"name":"\u00a1Llega la Noche Gallega a La Hacienda del Hogar Gallego!"}]},{"@type":"WebSite","@id":"https:\/\/elhogargallego.cat\/es\/#website","url":"https:\/\/elhogargallego.cat\/es\/","name":"El Hogar Gallego","description":"","publisher":{"@id":"https:\/\/elhogargallego.cat\/es\/#organization"},"potentialAction":[{"@type":"SearchAction","target":{"@type":"EntryPoint","urlTemplate":"https:\/\/elhogargallego.cat\/es\/?s={search_term_string}"},"query-input":{"@type":"PropertyValueSpecification","valueRequired":true,"valueName":"search_term_string"}}],"inLanguage":"es"},{"@type":"Organization","@id":"https:\/\/elhogargallego.cat\/es\/#organization","name":"El Hogar Gallego","url":"https:\/\/elhogargallego.cat\/es\/","logo":{"@type":"ImageObject","inLanguage":"es","@id":"https:\/\/elhogargallego.cat\/es\/#\/schema\/logo\/image\/","url":"https:\/\/elhogargallego.cat\/wp-content\/uploads\/2025\/02\/logo50.png","contentUrl":"https:\/\/elhogargallego.cat\/wp-content\/uploads\/2025\/02\/logo50.png","width":150,"height":114,"caption":"El Hogar Gallego"},"image":{"@id":"https:\/\/elhogargallego.cat\/es\/#\/schema\/logo\/image\/"},"sameAs":["https:\/\/www.facebook.com\/ElHogarGallego","http:\/\/instagram.com\/elhogargallego","http:\/\/www.youtube.com\/haciendahogargallego","https:\/\/www.tripadvisor.es\/Restaurant_Review-g580327-d997075-Reviews-El_Hogar_Gallego-Calella_Catalonia.html"]},{"@type":"Person","@id":"https:\/\/elhogargallego.cat\/es\/#\/schema\/person\/9c4b2cc2c1753a0a574b9bf8d7bcab3f","name":"elhogar","url":"https:\/\/elhogargallego.cat\/es\/author\/elhogar\/"}]}},"_links":{"self":[{"href":"https:\/\/elhogargallego.cat\/es\/wp-json\/wp\/v2\/posts\/7455"}],"collection":[{"href":"https:\/\/elhogargallego.cat\/es\/wp-json\/wp\/v2\/posts"}],"about":[{"href":"https:\/\/elhogargallego.cat\/es\/wp-json\/wp\/v2\/types\/post"}],"author":[{"embeddable":true,"href":"https:\/\/elhogargallego.cat\/es\/wp-json\/wp\/v2\/users\/2"}],"replies":[{"embeddable":true,"href":"https:\/\/elhogargallego.cat\/es\/wp-json\/wp\/v2\/comments?post=7455"}],"version-history":[{"count":2,"href":"https:\/\/elhogargallego.cat\/es\/wp-json\/wp\/v2\/posts\/7455\/revisions"}],"predecessor-version":[{"id":28202,"href":"https:\/\/elhogargallego.cat\/es\/wp-json\/wp\/v2\/posts\/7455\/revisions\/28202"}],"wp:featuredmedia":[{"embeddable":true,"href":"https:\/\/elhogargallego.cat\/es\/wp-json\/wp\/v2\/media\/7334"}],"wp:attachment":[{"href":"https:\/\/elhogargallego.cat\/es\/wp-json\/wp\/v2\/media?parent=7455"}],"wp:term":[{"taxonomy":"category","embeddable":true,"href":"https:\/\/elhogargallego.cat\/es\/wp-json\/wp\/v2\/categories?post=7455"},{"taxonomy":"post_tag","embeddable":true,"href":"https:\/\/elhogargallego.cat\/es\/wp-json\/wp\/v2\/tags?post=7455"}],"curies":[{"name":"wp","href":"https:\/\/api.w.org\/{rel}","templated":true}]}}