{"id":587,"date":"2016-02-22T14:52:02","date_gmt":"2016-02-22T14:52:02","guid":{"rendered":"http:\/\/elhogargallego.com\/es\/?p=587"},"modified":"2022-08-10T09:38:17","modified_gmt":"2022-08-10T09:38:17","slug":"los-cocineros-de-sibaris-catering-visitan-el-hogar-gallego","status":"publish","type":"post","link":"https:\/\/elhogargallego.cat\/es\/los-cocineros-de-sibaris-catering-visitan-el-hogar-gallego\/","title":{"rendered":"Los cocineros de Sibaris Catering visitan El Hogar Gallego"},"content":{"rendered":"<p>Los cocineros de Sibaris Catering, de Sant Cugat del Vall\u00e8s, Josep Berengu\u00e9, Josep Maria Mart\u00ednez y \u00c0lex Barrio, acompa\u00f1ados de sus&nbsp;familias, han cenado en el restaurante El Hogar Gallego. Los une una buena amistad y relaci\u00f3n con el chef Toni Gordillo y su&nbsp;padre, Antonio Gordillo. En la fotograf\u00eda aparecen estos cinco grandes cocineros despu\u00e9s de una comida extraordinaria. La profesionalidad y entusiasmo de Josep, Josep Maria y \u00c0lex es una evidencia por el buen trabajo de&nbsp;Sibaris Catering, pero tambi\u00e9n por lo que desprenden cuando dejan los fogones y se sientan a mesa para disfrutar de los productos y platos que les servimos en El Hogar Gallego. \u00a1Gracias por la visita, ha sido&nbsp;todo un honor para nosotros!<\/p>\n","protected":false},"excerpt":{"rendered":"<p>Los cocineros de Sibaris Catering, de Sant Cugat del Vall\u00e8s, Josep Berengu\u00e9, Josep Maria Mart\u00ednez y \u00c0lex Barrio, acompa\u00f1ados de sus&nbsp;familias, han cenado en el restaurante El Hogar Gallego. Los une una buena amistad y relaci\u00f3n con el chef Toni Gordillo y su&nbsp;padre, Antonio Gordillo. En la fotograf\u00eda aparecen estos cinco grandes cocineros despu\u00e9s de [&hellip;]<\/p>\n","protected":false},"author":2,"featured_media":481,"comment_status":"closed","ping_status":"closed","sticky":false,"template":"","format":"standard","meta":{"footnotes":""},"categories":[16],"tags":[],"class_list":["post-587","post","type-post","status-publish","format-standard","has-post-thumbnail","hentry","category-noticias"],"yoast_head":"<!-- This site is optimized with the Yoast SEO plugin v23.7 - https:\/\/yoast.com\/wordpress\/plugins\/seo\/ -->\n<title>Los cocineros de Sibaris Catering visitan El Hogar Gallego - El Hogar Gallego<\/title>\n<meta name=\"robots\" content=\"index, follow, max-snippet:-1, max-image-preview:large, max-video-preview:-1\" \/>\n<link rel=\"canonical\" href=\"https:\/\/elhogargallego.cat\/es\/los-cocineros-de-sibaris-catering-visitan-el-hogar-gallego\/\" \/>\n<meta property=\"og:locale\" content=\"es_ES\" \/>\n<meta property=\"og:type\" content=\"article\" \/>\n<meta property=\"og:title\" content=\"Los cocineros de Sibaris Catering visitan El Hogar Gallego - El Hogar Gallego\" \/>\n<meta property=\"og:description\" content=\"Los cocineros de Sibaris Catering, de Sant Cugat del Vall\u00e8s, Josep Berengu\u00e9, Josep Maria Mart\u00ednez y \u00c0lex Barrio, acompa\u00f1ados de sus&nbsp;familias, han cenado en el restaurante El Hogar Gallego. Los une una buena amistad y relaci\u00f3n con el chef Toni Gordillo y su&nbsp;padre, Antonio Gordillo. En la fotograf\u00eda aparecen estos cinco grandes cocineros despu\u00e9s de [&hellip;]\" \/>\n<meta property=\"og:url\" content=\"https:\/\/elhogargallego.cat\/es\/los-cocineros-de-sibaris-catering-visitan-el-hogar-gallego\/\" \/>\n<meta property=\"og:site_name\" content=\"El Hogar Gallego\" \/>\n<meta property=\"article:publisher\" content=\"https:\/\/www.facebook.com\/ElHogarGallego\" \/>\n<meta property=\"article:published_time\" content=\"2016-02-22T14:52:02+00:00\" \/>\n<meta property=\"article:modified_time\" content=\"2022-08-10T09:38:17+00:00\" \/>\n<meta property=\"og:image\" content=\"https:\/\/elhogargallego.cat\/wp-content\/uploads\/2016\/02\/IMG_2798-1024x768-1.jpg\" \/>\n\t<meta property=\"og:image:width\" content=\"600\" \/>\n\t<meta property=\"og:image:height\" content=\"450\" \/>\n\t<meta property=\"og:image:type\" content=\"image\/jpeg\" \/>\n<meta name=\"author\" content=\"elhogar\" \/>\n<meta name=\"twitter:card\" content=\"summary_large_image\" \/>\n<meta name=\"twitter:label1\" content=\"Escrito por\" \/>\n\t<meta name=\"twitter:data1\" content=\"elhogar\" \/>\n\t<meta name=\"twitter:label2\" content=\"Tiempo de lectura\" \/>\n\t<meta name=\"twitter:data2\" content=\"1 minuto\" \/>\n<script type=\"application\/ld+json\" class=\"yoast-schema-graph\">{\"@context\":\"https:\/\/schema.org\",\"@graph\":[{\"@type\":\"Article\",\"@id\":\"https:\/\/elhogargallego.cat\/es\/los-cocineros-de-sibaris-catering-visitan-el-hogar-gallego\/#article\",\"isPartOf\":{\"@id\":\"https:\/\/elhogargallego.cat\/es\/los-cocineros-de-sibaris-catering-visitan-el-hogar-gallego\/\"},\"author\":{\"name\":\"elhogar\",\"@id\":\"https:\/\/elhogargallego.cat\/es\/#\/schema\/person\/9c4b2cc2c1753a0a574b9bf8d7bcab3f\"},\"headline\":\"Los cocineros de Sibaris Catering visitan El Hogar Gallego\",\"datePublished\":\"2016-02-22T14:52:02+00:00\",\"dateModified\":\"2022-08-10T09:38:17+00:00\",\"mainEntityOfPage\":{\"@id\":\"https:\/\/elhogargallego.cat\/es\/los-cocineros-de-sibaris-catering-visitan-el-hogar-gallego\/\"},\"wordCount\":140,\"publisher\":{\"@id\":\"https:\/\/elhogargallego.cat\/es\/#organization\"},\"image\":{\"@id\":\"https:\/\/elhogargallego.cat\/es\/los-cocineros-de-sibaris-catering-visitan-el-hogar-gallego\/#primaryimage\"},\"thumbnailUrl\":\"https:\/\/elhogargallego.cat\/wp-content\/uploads\/2016\/02\/IMG_2798-1024x768-1.jpg\",\"articleSection\":[\"Noticias\"],\"inLanguage\":\"es\"},{\"@type\":\"WebPage\",\"@id\":\"https:\/\/elhogargallego.cat\/es\/los-cocineros-de-sibaris-catering-visitan-el-hogar-gallego\/\",\"url\":\"https:\/\/elhogargallego.cat\/es\/los-cocineros-de-sibaris-catering-visitan-el-hogar-gallego\/\",\"name\":\"Los cocineros de Sibaris Catering visitan El Hogar Gallego - El Hogar Gallego\",\"isPartOf\":{\"@id\":\"https:\/\/elhogargallego.cat\/es\/#website\"},\"primaryImageOfPage\":{\"@id\":\"https:\/\/elhogargallego.cat\/es\/los-cocineros-de-sibaris-catering-visitan-el-hogar-gallego\/#primaryimage\"},\"image\":{\"@id\":\"https:\/\/elhogargallego.cat\/es\/los-cocineros-de-sibaris-catering-visitan-el-hogar-gallego\/#primaryimage\"},\"thumbnailUrl\":\"https:\/\/elhogargallego.cat\/wp-content\/uploads\/2016\/02\/IMG_2798-1024x768-1.jpg\",\"datePublished\":\"2016-02-22T14:52:02+00:00\",\"dateModified\":\"2022-08-10T09:38:17+00:00\",\"breadcrumb\":{\"@id\":\"https:\/\/elhogargallego.cat\/es\/los-cocineros-de-sibaris-catering-visitan-el-hogar-gallego\/#breadcrumb\"},\"inLanguage\":\"es\",\"potentialAction\":[{\"@type\":\"ReadAction\",\"target\":[\"https:\/\/elhogargallego.cat\/es\/los-cocineros-de-sibaris-catering-visitan-el-hogar-gallego\/\"]}]},{\"@type\":\"ImageObject\",\"inLanguage\":\"es\",\"@id\":\"https:\/\/elhogargallego.cat\/es\/los-cocineros-de-sibaris-catering-visitan-el-hogar-gallego\/#primaryimage\",\"url\":\"https:\/\/elhogargallego.cat\/wp-content\/uploads\/2016\/02\/IMG_2798-1024x768-1.jpg\",\"contentUrl\":\"https:\/\/elhogargallego.cat\/wp-content\/uploads\/2016\/02\/IMG_2798-1024x768-1.jpg\",\"width\":600,\"height\":450},{\"@type\":\"BreadcrumbList\",\"@id\":\"https:\/\/elhogargallego.cat\/es\/los-cocineros-de-sibaris-catering-visitan-el-hogar-gallego\/#breadcrumb\",\"itemListElement\":[{\"@type\":\"ListItem\",\"position\":1,\"name\":\"Inici\",\"item\":\"https:\/\/elhogargallego.cat\/es\/\"},{\"@type\":\"ListItem\",\"position\":2,\"name\":\"Los cocineros de Sibaris Catering visitan El Hogar Gallego\"}]},{\"@type\":\"WebSite\",\"@id\":\"https:\/\/elhogargallego.cat\/es\/#website\",\"url\":\"https:\/\/elhogargallego.cat\/es\/\",\"name\":\"El Hogar Gallego\",\"description\":\"\",\"publisher\":{\"@id\":\"https:\/\/elhogargallego.cat\/es\/#organization\"},\"potentialAction\":[{\"@type\":\"SearchAction\",\"target\":{\"@type\":\"EntryPoint\",\"urlTemplate\":\"https:\/\/elhogargallego.cat\/es\/?s={search_term_string}\"},\"query-input\":{\"@type\":\"PropertyValueSpecification\",\"valueRequired\":true,\"valueName\":\"search_term_string\"}}],\"inLanguage\":\"es\"},{\"@type\":\"Organization\",\"@id\":\"https:\/\/elhogargallego.cat\/es\/#organization\",\"name\":\"El Hogar Gallego\",\"url\":\"https:\/\/elhogargallego.cat\/es\/\",\"logo\":{\"@type\":\"ImageObject\",\"inLanguage\":\"es\",\"@id\":\"https:\/\/elhogargallego.cat\/es\/#\/schema\/logo\/image\/\",\"url\":\"https:\/\/elhogargallego.cat\/wp-content\/uploads\/2025\/02\/logo50.png\",\"contentUrl\":\"https:\/\/elhogargallego.cat\/wp-content\/uploads\/2025\/02\/logo50.png\",\"width\":150,\"height\":114,\"caption\":\"El Hogar Gallego\"},\"image\":{\"@id\":\"https:\/\/elhogargallego.cat\/es\/#\/schema\/logo\/image\/\"},\"sameAs\":[\"https:\/\/www.facebook.com\/ElHogarGallego\",\"http:\/\/instagram.com\/elhogargallego\",\"http:\/\/www.youtube.com\/haciendahogargallego\",\"https:\/\/www.tripadvisor.es\/Restaurant_Review-g580327-d997075-Reviews-El_Hogar_Gallego-Calella_Catalonia.html\"]},{\"@type\":\"Person\",\"@id\":\"https:\/\/elhogargallego.cat\/es\/#\/schema\/person\/9c4b2cc2c1753a0a574b9bf8d7bcab3f\",\"name\":\"elhogar\",\"url\":\"https:\/\/elhogargallego.cat\/es\/author\/elhogar\/\"}]}<\/script>\n<!-- \/ Yoast SEO plugin. -->","yoast_head_json":{"title":"Los cocineros de Sibaris Catering visitan El Hogar Gallego - El Hogar Gallego","robots":{"index":"index","follow":"follow","max-snippet":"max-snippet:-1","max-image-preview":"max-image-preview:large","max-video-preview":"max-video-preview:-1"},"canonical":"https:\/\/elhogargallego.cat\/es\/los-cocineros-de-sibaris-catering-visitan-el-hogar-gallego\/","og_locale":"es_ES","og_type":"article","og_title":"Los cocineros de Sibaris Catering visitan El Hogar Gallego - El Hogar Gallego","og_description":"Los cocineros de Sibaris Catering, de Sant Cugat del Vall\u00e8s, Josep Berengu\u00e9, Josep Maria Mart\u00ednez y \u00c0lex Barrio, acompa\u00f1ados de sus&nbsp;familias, han cenado en el restaurante El Hogar Gallego. Los une una buena amistad y relaci\u00f3n con el chef Toni Gordillo y su&nbsp;padre, Antonio Gordillo. En la fotograf\u00eda aparecen estos cinco grandes cocineros despu\u00e9s de [&hellip;]","og_url":"https:\/\/elhogargallego.cat\/es\/los-cocineros-de-sibaris-catering-visitan-el-hogar-gallego\/","og_site_name":"El Hogar Gallego","article_publisher":"https:\/\/www.facebook.com\/ElHogarGallego","article_published_time":"2016-02-22T14:52:02+00:00","article_modified_time":"2022-08-10T09:38:17+00:00","og_image":[{"width":600,"height":450,"url":"https:\/\/elhogargallego.cat\/wp-content\/uploads\/2016\/02\/IMG_2798-1024x768-1.jpg","type":"image\/jpeg"}],"author":"elhogar","twitter_card":"summary_large_image","twitter_misc":{"Escrito por":"elhogar","Tiempo de lectura":"1 minuto"},"schema":{"@context":"https:\/\/schema.org","@graph":[{"@type":"Article","@id":"https:\/\/elhogargallego.cat\/es\/los-cocineros-de-sibaris-catering-visitan-el-hogar-gallego\/#article","isPartOf":{"@id":"https:\/\/elhogargallego.cat\/es\/los-cocineros-de-sibaris-catering-visitan-el-hogar-gallego\/"},"author":{"name":"elhogar","@id":"https:\/\/elhogargallego.cat\/es\/#\/schema\/person\/9c4b2cc2c1753a0a574b9bf8d7bcab3f"},"headline":"Los cocineros de Sibaris Catering visitan El Hogar Gallego","datePublished":"2016-02-22T14:52:02+00:00","dateModified":"2022-08-10T09:38:17+00:00","mainEntityOfPage":{"@id":"https:\/\/elhogargallego.cat\/es\/los-cocineros-de-sibaris-catering-visitan-el-hogar-gallego\/"},"wordCount":140,"publisher":{"@id":"https:\/\/elhogargallego.cat\/es\/#organization"},"image":{"@id":"https:\/\/elhogargallego.cat\/es\/los-cocineros-de-sibaris-catering-visitan-el-hogar-gallego\/#primaryimage"},"thumbnailUrl":"https:\/\/elhogargallego.cat\/wp-content\/uploads\/2016\/02\/IMG_2798-1024x768-1.jpg","articleSection":["Noticias"],"inLanguage":"es"},{"@type":"WebPage","@id":"https:\/\/elhogargallego.cat\/es\/los-cocineros-de-sibaris-catering-visitan-el-hogar-gallego\/","url":"https:\/\/elhogargallego.cat\/es\/los-cocineros-de-sibaris-catering-visitan-el-hogar-gallego\/","name":"Los cocineros de Sibaris Catering visitan El Hogar Gallego - El Hogar Gallego","isPartOf":{"@id":"https:\/\/elhogargallego.cat\/es\/#website"},"primaryImageOfPage":{"@id":"https:\/\/elhogargallego.cat\/es\/los-cocineros-de-sibaris-catering-visitan-el-hogar-gallego\/#primaryimage"},"image":{"@id":"https:\/\/elhogargallego.cat\/es\/los-cocineros-de-sibaris-catering-visitan-el-hogar-gallego\/#primaryimage"},"thumbnailUrl":"https:\/\/elhogargallego.cat\/wp-content\/uploads\/2016\/02\/IMG_2798-1024x768-1.jpg","datePublished":"2016-02-22T14:52:02+00:00","dateModified":"2022-08-10T09:38:17+00:00","breadcrumb":{"@id":"https:\/\/elhogargallego.cat\/es\/los-cocineros-de-sibaris-catering-visitan-el-hogar-gallego\/#breadcrumb"},"inLanguage":"es","potentialAction":[{"@type":"ReadAction","target":["https:\/\/elhogargallego.cat\/es\/los-cocineros-de-sibaris-catering-visitan-el-hogar-gallego\/"]}]},{"@type":"ImageObject","inLanguage":"es","@id":"https:\/\/elhogargallego.cat\/es\/los-cocineros-de-sibaris-catering-visitan-el-hogar-gallego\/#primaryimage","url":"https:\/\/elhogargallego.cat\/wp-content\/uploads\/2016\/02\/IMG_2798-1024x768-1.jpg","contentUrl":"https:\/\/elhogargallego.cat\/wp-content\/uploads\/2016\/02\/IMG_2798-1024x768-1.jpg","width":600,"height":450},{"@type":"BreadcrumbList","@id":"https:\/\/elhogargallego.cat\/es\/los-cocineros-de-sibaris-catering-visitan-el-hogar-gallego\/#breadcrumb","itemListElement":[{"@type":"ListItem","position":1,"name":"Inici","item":"https:\/\/elhogargallego.cat\/es\/"},{"@type":"ListItem","position":2,"name":"Los cocineros de Sibaris Catering visitan El Hogar Gallego"}]},{"@type":"WebSite","@id":"https:\/\/elhogargallego.cat\/es\/#website","url":"https:\/\/elhogargallego.cat\/es\/","name":"El Hogar Gallego","description":"","publisher":{"@id":"https:\/\/elhogargallego.cat\/es\/#organization"},"potentialAction":[{"@type":"SearchAction","target":{"@type":"EntryPoint","urlTemplate":"https:\/\/elhogargallego.cat\/es\/?s={search_term_string}"},"query-input":{"@type":"PropertyValueSpecification","valueRequired":true,"valueName":"search_term_string"}}],"inLanguage":"es"},{"@type":"Organization","@id":"https:\/\/elhogargallego.cat\/es\/#organization","name":"El Hogar Gallego","url":"https:\/\/elhogargallego.cat\/es\/","logo":{"@type":"ImageObject","inLanguage":"es","@id":"https:\/\/elhogargallego.cat\/es\/#\/schema\/logo\/image\/","url":"https:\/\/elhogargallego.cat\/wp-content\/uploads\/2025\/02\/logo50.png","contentUrl":"https:\/\/elhogargallego.cat\/wp-content\/uploads\/2025\/02\/logo50.png","width":150,"height":114,"caption":"El Hogar Gallego"},"image":{"@id":"https:\/\/elhogargallego.cat\/es\/#\/schema\/logo\/image\/"},"sameAs":["https:\/\/www.facebook.com\/ElHogarGallego","http:\/\/instagram.com\/elhogargallego","http:\/\/www.youtube.com\/haciendahogargallego","https:\/\/www.tripadvisor.es\/Restaurant_Review-g580327-d997075-Reviews-El_Hogar_Gallego-Calella_Catalonia.html"]},{"@type":"Person","@id":"https:\/\/elhogargallego.cat\/es\/#\/schema\/person\/9c4b2cc2c1753a0a574b9bf8d7bcab3f","name":"elhogar","url":"https:\/\/elhogargallego.cat\/es\/author\/elhogar\/"}]}},"_links":{"self":[{"href":"https:\/\/elhogargallego.cat\/es\/wp-json\/wp\/v2\/posts\/587"}],"collection":[{"href":"https:\/\/elhogargallego.cat\/es\/wp-json\/wp\/v2\/posts"}],"about":[{"href":"https:\/\/elhogargallego.cat\/es\/wp-json\/wp\/v2\/types\/post"}],"author":[{"embeddable":true,"href":"https:\/\/elhogargallego.cat\/es\/wp-json\/wp\/v2\/users\/2"}],"replies":[{"embeddable":true,"href":"https:\/\/elhogargallego.cat\/es\/wp-json\/wp\/v2\/comments?post=587"}],"version-history":[{"count":2,"href":"https:\/\/elhogargallego.cat\/es\/wp-json\/wp\/v2\/posts\/587\/revisions"}],"predecessor-version":[{"id":28220,"href":"https:\/\/elhogargallego.cat\/es\/wp-json\/wp\/v2\/posts\/587\/revisions\/28220"}],"wp:featuredmedia":[{"embeddable":true,"href":"https:\/\/elhogargallego.cat\/es\/wp-json\/wp\/v2\/media\/481"}],"wp:attachment":[{"href":"https:\/\/elhogargallego.cat\/es\/wp-json\/wp\/v2\/media?parent=587"}],"wp:term":[{"taxonomy":"category","embeddable":true,"href":"https:\/\/elhogargallego.cat\/es\/wp-json\/wp\/v2\/categories?post=587"},{"taxonomy":"post_tag","embeddable":true,"href":"https:\/\/elhogargallego.cat\/es\/wp-json\/wp\/v2\/tags?post=587"}],"curies":[{"name":"wp","href":"https:\/\/api.w.org\/{rel}","templated":true}]}}