{"id":30882,"date":"2025-10-10T08:58:44","date_gmt":"2025-10-10T08:58:44","guid":{"rendered":"https:\/\/elhogargallego.cat\/?p=30882"},"modified":"2025-10-10T09:07:22","modified_gmt":"2025-10-10T09:07:22","slug":"felicitacion-del-ayuntamiento-de-los-santos-de-maimona","status":"publish","type":"post","link":"https:\/\/elhogargallego.cat\/es\/felicitacion-del-ayuntamiento-de-los-santos-de-maimona\/","title":{"rendered":"Felicitaci\u00f3n del ayuntamiento de Los Santos de Maimona"},"content":{"rendered":"\n<ul class=\"wp-block-list\">\n<li><strong>El Ayuntamiento y el pueblo de Los Santos de Maimona, a trav\u00e9s de un escrito del alcalde, se han unido a las m\u00faltiples felicitaciones por este acontecimiento<\/strong><\/li>\n<\/ul>\n\n<p>El Ayuntamiento de Los Santos de Maimona se ha sumado a las felicitaciones para el restaurante \u2018El Hogar Gallego\u2019, en Calella (Barcelona), por su 50 aniversario. Est\u00e1 regentado por un gran emprendedor de origen sante\u00f1o, Antonio Gordillo Lavado, que emigr\u00f3 a Calella cuando tan solo ten\u00eda 16 a\u00f1os, pero que a\u00fan mantiene v\u00ednculos y familia en su localidad natal.<\/p>\n\n<p>El Hogar Gallego abri\u00f3 sus puertas en Calella en 1975. Por su cocina han pasado ya tres generaciones. Los primeros fueron Sara Bugallo Lois y Sa\u00fal Bern\u00e1rdez Alonso, que llegaron a Calella desde Forcarei, en Pontevedra, con sus hijos, Carlos y Emilia (quien despu\u00e9s se casar\u00eda con Antonio Gordillo) y fundaron el bar Los Gallegos, nombre con el que se mantuvo durante 11 a\u00f1os.<\/p>\n\n<p>Emilia y Antonio continuaron con el negocio y ahora suman otros 50 a\u00f1os m\u00e1s como \u2018El Hogar Gallego\u2019. Antonio Gordillo trabaj\u00f3 como campesino nada m\u00e1s llegar a Calella y despu\u00e9s fue alba\u00f1il. \u00c9l mismo construy\u00f3 el bloque de pisos y el restaurante en los bajos cuando la familia decidi\u00f3 ampliar el bar Los Gallegos. Despu\u00e9s dejar\u00eda la construcci\u00f3n y se puso en la cocina con su suegra. Aprendi\u00f3 de forma totalmente autodidacta, utilizando productos de gran calidad. Con su esfuerzo y aportaciones hizo crecer el negocio y ampli\u00f3 sus instalaciones para ofrecer a sus clientes un parking y una terraza de verano.<\/p>\n\n<p>El chef Toni Gordillo (uno de los hijos de Antonio y Emilia) es la tercera generaci\u00f3n de la familia que regenta este restaurante marisquer\u00eda, y lo ha mantenido como un establecimiento de referencia, reconocido adem\u00e1s con un Sol Repsol y recomendado por la Gu\u00eda Michelin.<\/p>\n\n<p>Una familia que ha hecho realidad la historia de un \u00e9xito y que ahora quieren celebrar, entre otras acciones, con la edici\u00f3n especial de un libro que se publicar\u00e1 en formato f\u00edsico y digital, y que recoge todas las felicitaciones, escritos y rese\u00f1as de instituciones, periodistas, personajes destacados de la vida p\u00fablica, cultural y social y de sus propios clientes.<\/p>\n\n<p><strong>Felicitaci\u00f3n de Los Santos de Maimona<\/strong><\/p>\n\n<p>Entre las felicitaciones se encuentra la del alcalde de Los Santos de Maimona, que, en representaci\u00f3n del Ayuntamiento y su pueblo le ha hecho llegar el siguiente escrito que ha titulado \u2018Un hogar lejos del hogar\u2019, que resume lo ha supuesto este proyecto empresarial familiar:<\/p>\n\n<p><em>\u00abEs para m\u00ed un honor y una profunda alegr\u00eda dirigirme a ustedes, como Alcalde de Los Santos de Maimona, para celebrar juntos el 50\u00ba aniversario del restaurante \u2018El Hogar Gallego\u2019 de Calella.<\/em><\/p>\n\n<p><em>Hoy, la distancia se desvanece y nuestros corazones se acercan para rendir homenaje a una historia de esfuerzo, superaci\u00f3n y arraigo. Una historia que, aunque escrita lejos de nuestra tierra, nace del alma de Extremadura.<\/em><\/p>\n\n<p><em>Corr\u00edan los a\u00f1os sesenta cuando un joven sante\u00f1o, vecino de la calle R\u00edo Verde, part\u00eda de su hogar en busca de un futuro mejor. En su equipaje, escaso en lo material pero inmenso en esperanza, llevaba consigo los valores que nos definen: el coraje, la perseverancia y el amor por lo nuestro. Tambi\u00e9n llevaba en el coraz\u00f3n el recuerdo imborrable de su madre, Mar\u00eda Lavado, una mujer valiente, gran cocinera y ejemplo de entrega, que supo sacar adelante a su familia en tiempos dif\u00edciles.<\/em><\/p>\n\n<p><em>Junto a su esposa Emilia y con el respaldo de sus suegros, originarios de Forcarei (Pontevedra), Antonio Gordillo Lavado construy\u00f3 en Catalu\u00f1a mucho m\u00e1s que un nuevo hogar: edific\u00f3 un puente entre tierras y culturas. Lo que naci\u00f3 como un modesto bar, \u201cLos Gallegos\u201d, se convirti\u00f3, hace ya cinco d\u00e9cadas, en \u201cEl Hogar Gallego\u201d, un referente de la gastronom\u00eda que ha llevado el nombre de Calella, Forcarei y, con especial orgullo, el de Los Santos de Maimona, a lo m\u00e1s alto.<\/em><\/p>\n\n<p><em>El \u00e9xito de \u201cEl Hogar Gallego\u201d va mucho m\u00e1s all\u00e1 de los reconocimientos \u2014como los otorgados por la Gu\u00eda Michel\u00edn o la Gu\u00eda Repsol\u2014. Es un triunfo humano, el reflejo del trabajo constante, del compromiso familiar y del talento transmitido de generaci\u00f3n en generaci\u00f3n. Hoy, ese legado sigue vivo gracias a la pasi\u00f3n del chef Toni, que contin\u00faa escribiendo esta historia con la misma dedicaci\u00f3n que su padre.<\/em><\/p>\n\n<p><em>Desde Los Santos de Maimona, queremos que la familia de \u201cEl Hogar Gallego\u201d sepa que su \u00e9xito es tambi\u00e9n motivo de orgullo para todos nosotros. Antonio y su familia son ejemplo vivo de nuestra di\u00e1spora: de aquellos sante\u00f1os valientes que, sin renunciar a sus ra\u00edces, han llevado el nombre de nuestro pueblo m\u00e1s all\u00e1 de nuestras fronteras. A todos ellos los recordamos haciendo uso del refranero popular: \u201caunque est\u00e9is fuera, sentid que est\u00e1is en casa\u201d. Aqu\u00ed, en vuestra tierra natal, encontrar\u00e9is siempre los brazos abiertos y un lugar al que volver.<\/em><\/p>\n\n<p><em>Por todo ello, en esta fecha tan se\u00f1alada, quiero felicitar de coraz\u00f3n a la familia Gordillo y a todo el equipo de \u201cEl Hogar Gallego\u201d. Gracias por honrar el trabajo, el esfuerzo y la herencia de un sante\u00f1o ejemplar; por mantener viva la tradici\u00f3n con excelencia; y por ser un faro de inspiraci\u00f3n para todos nosotros.<\/em><\/p>\n\n<p><em>Con todo mi afecto, en nombre del pueblo de Los Santos de Maimona\u00bb. <\/em><\/p>\n\n<p>Enlace a la noticia: <a href=\"https:\/\/lossantosdemaimona.com\/noticias-de-prensa\/el-restaurante-el-hogar-gallego-de-calella-regentado-por-el-santeno-antonio-gordillo-lavado-celebra-su-50-aniversario\/\">https:\/\/lossantosdemaimona.com\/noticias-de-prensa\/el-restaurante-el-hogar-gallego-de-calella-regentado-por-el-santeno-antonio-gordillo-lavado-celebra-su-50-aniversario\/<\/a><\/p>\n","protected":false},"excerpt":{"rendered":"<p>El Ayuntamiento de Los Santos de Maimona se ha sumado a las felicitaciones para el restaurante \u2018El Hogar Gallego\u2019, en Calella (Barcelona), por su 50 aniversario. Est\u00e1 regentado por un gran emprendedor de origen sante\u00f1o, Antonio Gordillo Lavado, que emigr\u00f3 a Calella cuando tan solo ten\u00eda 16 a\u00f1os, pero que a\u00fan mantiene v\u00ednculos y familia [&hellip;]<\/p>\n","protected":false},"author":1,"featured_media":30890,"comment_status":"closed","ping_status":"closed","sticky":false,"template":"","format":"standard","meta":{"footnotes":""},"categories":[15,16],"tags":[],"class_list":["post-30882","post","type-post","status-publish","format-standard","has-post-thumbnail","hentry","category-destacado","category-noticias"],"yoast_head":"<!-- This site is optimized with the Yoast SEO plugin v23.7 - https:\/\/yoast.com\/wordpress\/plugins\/seo\/ -->\n<title>Felicitaci\u00f3n del ayuntamiento de Los Santos de Maimona - El Hogar Gallego<\/title>\n<meta name=\"robots\" content=\"index, follow, max-snippet:-1, max-image-preview:large, max-video-preview:-1\" \/>\n<link rel=\"canonical\" href=\"https:\/\/elhogargallego.cat\/es\/felicitacion-del-ayuntamiento-de-los-santos-de-maimona\/\" \/>\n<meta property=\"og:locale\" content=\"es_ES\" \/>\n<meta property=\"og:type\" content=\"article\" \/>\n<meta property=\"og:title\" content=\"Felicitaci\u00f3n del ayuntamiento de Los Santos de Maimona - El Hogar Gallego\" \/>\n<meta property=\"og:description\" content=\"El Ayuntamiento de Los Santos de Maimona se ha sumado a las felicitaciones para el restaurante \u2018El Hogar Gallego\u2019, en Calella (Barcelona), por su 50 aniversario. Est\u00e1 regentado por un gran emprendedor de origen sante\u00f1o, Antonio Gordillo Lavado, que emigr\u00f3 a Calella cuando tan solo ten\u00eda 16 a\u00f1os, pero que a\u00fan mantiene v\u00ednculos y familia [&hellip;]\" \/>\n<meta property=\"og:url\" content=\"https:\/\/elhogargallego.cat\/es\/felicitacion-del-ayuntamiento-de-los-santos-de-maimona\/\" \/>\n<meta property=\"og:site_name\" content=\"El Hogar Gallego\" \/>\n<meta property=\"article:publisher\" content=\"https:\/\/www.facebook.com\/ElHogarGallego\" \/>\n<meta property=\"article:published_time\" content=\"2025-10-10T08:58:44+00:00\" \/>\n<meta property=\"article:modified_time\" content=\"2025-10-10T09:07:22+00:00\" \/>\n<meta property=\"og:image\" content=\"https:\/\/elhogargallego.cat\/wp-content\/uploads\/2025\/10\/logo-ayuntamiento-los-santos.webp\" \/>\n\t<meta property=\"og:image:width\" content=\"703\" \/>\n\t<meta property=\"og:image:height\" content=\"360\" \/>\n\t<meta property=\"og:image:type\" content=\"image\/webp\" \/>\n<meta name=\"author\" content=\"disseny@matarogroc.com\" \/>\n<meta name=\"twitter:card\" content=\"summary_large_image\" \/>\n<meta name=\"twitter:label1\" content=\"Escrito por\" \/>\n\t<meta name=\"twitter:data1\" content=\"disseny@matarogroc.com\" \/>\n\t<meta name=\"twitter:label2\" content=\"Tiempo de lectura\" \/>\n\t<meta name=\"twitter:data2\" content=\"5 minutos\" \/>\n<script type=\"application\/ld+json\" class=\"yoast-schema-graph\">{\"@context\":\"https:\/\/schema.org\",\"@graph\":[{\"@type\":\"Article\",\"@id\":\"https:\/\/elhogargallego.cat\/es\/felicitacion-del-ayuntamiento-de-los-santos-de-maimona\/#article\",\"isPartOf\":{\"@id\":\"https:\/\/elhogargallego.cat\/es\/felicitacion-del-ayuntamiento-de-los-santos-de-maimona\/\"},\"author\":{\"name\":\"disseny@matarogroc.com\",\"@id\":\"https:\/\/elhogargallego.cat\/es\/#\/schema\/person\/fc9a2cfeef02ab1280ad9fa75619d391\"},\"headline\":\"Felicitaci\u00f3n del ayuntamiento de Los Santos de Maimona\",\"datePublished\":\"2025-10-10T08:58:44+00:00\",\"dateModified\":\"2025-10-10T09:07:22+00:00\",\"mainEntityOfPage\":{\"@id\":\"https:\/\/elhogargallego.cat\/es\/felicitacion-del-ayuntamiento-de-los-santos-de-maimona\/\"},\"wordCount\":949,\"publisher\":{\"@id\":\"https:\/\/elhogargallego.cat\/es\/#organization\"},\"image\":{\"@id\":\"https:\/\/elhogargallego.cat\/es\/felicitacion-del-ayuntamiento-de-los-santos-de-maimona\/#primaryimage\"},\"thumbnailUrl\":\"https:\/\/elhogargallego.cat\/wp-content\/uploads\/2025\/10\/logo-ayuntamiento-los-santos.webp\",\"articleSection\":[\"Destacado Home\",\"Noticias\"],\"inLanguage\":\"es\"},{\"@type\":\"WebPage\",\"@id\":\"https:\/\/elhogargallego.cat\/es\/felicitacion-del-ayuntamiento-de-los-santos-de-maimona\/\",\"url\":\"https:\/\/elhogargallego.cat\/es\/felicitacion-del-ayuntamiento-de-los-santos-de-maimona\/\",\"name\":\"Felicitaci\u00f3n del ayuntamiento de Los Santos de Maimona - El Hogar Gallego\",\"isPartOf\":{\"@id\":\"https:\/\/elhogargallego.cat\/es\/#website\"},\"primaryImageOfPage\":{\"@id\":\"https:\/\/elhogargallego.cat\/es\/felicitacion-del-ayuntamiento-de-los-santos-de-maimona\/#primaryimage\"},\"image\":{\"@id\":\"https:\/\/elhogargallego.cat\/es\/felicitacion-del-ayuntamiento-de-los-santos-de-maimona\/#primaryimage\"},\"thumbnailUrl\":\"https:\/\/elhogargallego.cat\/wp-content\/uploads\/2025\/10\/logo-ayuntamiento-los-santos.webp\",\"datePublished\":\"2025-10-10T08:58:44+00:00\",\"dateModified\":\"2025-10-10T09:07:22+00:00\",\"breadcrumb\":{\"@id\":\"https:\/\/elhogargallego.cat\/es\/felicitacion-del-ayuntamiento-de-los-santos-de-maimona\/#breadcrumb\"},\"inLanguage\":\"es\",\"potentialAction\":[{\"@type\":\"ReadAction\",\"target\":[\"https:\/\/elhogargallego.cat\/es\/felicitacion-del-ayuntamiento-de-los-santos-de-maimona\/\"]}]},{\"@type\":\"ImageObject\",\"inLanguage\":\"es\",\"@id\":\"https:\/\/elhogargallego.cat\/es\/felicitacion-del-ayuntamiento-de-los-santos-de-maimona\/#primaryimage\",\"url\":\"https:\/\/elhogargallego.cat\/wp-content\/uploads\/2025\/10\/logo-ayuntamiento-los-santos.webp\",\"contentUrl\":\"https:\/\/elhogargallego.cat\/wp-content\/uploads\/2025\/10\/logo-ayuntamiento-los-santos.webp\",\"width\":703,\"height\":360},{\"@type\":\"BreadcrumbList\",\"@id\":\"https:\/\/elhogargallego.cat\/es\/felicitacion-del-ayuntamiento-de-los-santos-de-maimona\/#breadcrumb\",\"itemListElement\":[{\"@type\":\"ListItem\",\"position\":1,\"name\":\"Inici\",\"item\":\"https:\/\/elhogargallego.cat\/es\/\"},{\"@type\":\"ListItem\",\"position\":2,\"name\":\"Felicitaci\u00f3n del ayuntamiento de Los Santos de Maimona\"}]},{\"@type\":\"WebSite\",\"@id\":\"https:\/\/elhogargallego.cat\/es\/#website\",\"url\":\"https:\/\/elhogargallego.cat\/es\/\",\"name\":\"El Hogar Gallego\",\"description\":\"\",\"publisher\":{\"@id\":\"https:\/\/elhogargallego.cat\/es\/#organization\"},\"potentialAction\":[{\"@type\":\"SearchAction\",\"target\":{\"@type\":\"EntryPoint\",\"urlTemplate\":\"https:\/\/elhogargallego.cat\/es\/?s={search_term_string}\"},\"query-input\":{\"@type\":\"PropertyValueSpecification\",\"valueRequired\":true,\"valueName\":\"search_term_string\"}}],\"inLanguage\":\"es\"},{\"@type\":\"Organization\",\"@id\":\"https:\/\/elhogargallego.cat\/es\/#organization\",\"name\":\"El Hogar Gallego\",\"url\":\"https:\/\/elhogargallego.cat\/es\/\",\"logo\":{\"@type\":\"ImageObject\",\"inLanguage\":\"es\",\"@id\":\"https:\/\/elhogargallego.cat\/es\/#\/schema\/logo\/image\/\",\"url\":\"https:\/\/elhogargallego.cat\/wp-content\/uploads\/2025\/02\/logo50.png\",\"contentUrl\":\"https:\/\/elhogargallego.cat\/wp-content\/uploads\/2025\/02\/logo50.png\",\"width\":150,\"height\":114,\"caption\":\"El Hogar Gallego\"},\"image\":{\"@id\":\"https:\/\/elhogargallego.cat\/es\/#\/schema\/logo\/image\/\"},\"sameAs\":[\"https:\/\/www.facebook.com\/ElHogarGallego\",\"http:\/\/instagram.com\/elhogargallego\",\"http:\/\/www.youtube.com\/haciendahogargallego\",\"https:\/\/www.tripadvisor.es\/Restaurant_Review-g580327-d997075-Reviews-El_Hogar_Gallego-Calella_Catalonia.html\"]},{\"@type\":\"Person\",\"@id\":\"https:\/\/elhogargallego.cat\/es\/#\/schema\/person\/fc9a2cfeef02ab1280ad9fa75619d391\",\"name\":\"disseny@matarogroc.com\",\"sameAs\":[\"https:\/\/elhogargallego.cat\/2022\"],\"url\":\"https:\/\/elhogargallego.cat\/es\/author\/dissenymatarogroc-com\/\"}]}<\/script>\n<!-- \/ Yoast SEO plugin. -->","yoast_head_json":{"title":"Felicitaci\u00f3n del ayuntamiento de Los Santos de Maimona - El Hogar Gallego","robots":{"index":"index","follow":"follow","max-snippet":"max-snippet:-1","max-image-preview":"max-image-preview:large","max-video-preview":"max-video-preview:-1"},"canonical":"https:\/\/elhogargallego.cat\/es\/felicitacion-del-ayuntamiento-de-los-santos-de-maimona\/","og_locale":"es_ES","og_type":"article","og_title":"Felicitaci\u00f3n del ayuntamiento de Los Santos de Maimona - El Hogar Gallego","og_description":"El Ayuntamiento de Los Santos de Maimona se ha sumado a las felicitaciones para el restaurante \u2018El Hogar Gallego\u2019, en Calella (Barcelona), por su 50 aniversario. Est\u00e1 regentado por un gran emprendedor de origen sante\u00f1o, Antonio Gordillo Lavado, que emigr\u00f3 a Calella cuando tan solo ten\u00eda 16 a\u00f1os, pero que a\u00fan mantiene v\u00ednculos y familia [&hellip;]","og_url":"https:\/\/elhogargallego.cat\/es\/felicitacion-del-ayuntamiento-de-los-santos-de-maimona\/","og_site_name":"El Hogar Gallego","article_publisher":"https:\/\/www.facebook.com\/ElHogarGallego","article_published_time":"2025-10-10T08:58:44+00:00","article_modified_time":"2025-10-10T09:07:22+00:00","og_image":[{"width":703,"height":360,"url":"https:\/\/elhogargallego.cat\/wp-content\/uploads\/2025\/10\/logo-ayuntamiento-los-santos.webp","type":"image\/webp"}],"author":"disseny@matarogroc.com","twitter_card":"summary_large_image","twitter_misc":{"Escrito por":"disseny@matarogroc.com","Tiempo de lectura":"5 minutos"},"schema":{"@context":"https:\/\/schema.org","@graph":[{"@type":"Article","@id":"https:\/\/elhogargallego.cat\/es\/felicitacion-del-ayuntamiento-de-los-santos-de-maimona\/#article","isPartOf":{"@id":"https:\/\/elhogargallego.cat\/es\/felicitacion-del-ayuntamiento-de-los-santos-de-maimona\/"},"author":{"name":"disseny@matarogroc.com","@id":"https:\/\/elhogargallego.cat\/es\/#\/schema\/person\/fc9a2cfeef02ab1280ad9fa75619d391"},"headline":"Felicitaci\u00f3n del ayuntamiento de Los Santos de Maimona","datePublished":"2025-10-10T08:58:44+00:00","dateModified":"2025-10-10T09:07:22+00:00","mainEntityOfPage":{"@id":"https:\/\/elhogargallego.cat\/es\/felicitacion-del-ayuntamiento-de-los-santos-de-maimona\/"},"wordCount":949,"publisher":{"@id":"https:\/\/elhogargallego.cat\/es\/#organization"},"image":{"@id":"https:\/\/elhogargallego.cat\/es\/felicitacion-del-ayuntamiento-de-los-santos-de-maimona\/#primaryimage"},"thumbnailUrl":"https:\/\/elhogargallego.cat\/wp-content\/uploads\/2025\/10\/logo-ayuntamiento-los-santos.webp","articleSection":["Destacado Home","Noticias"],"inLanguage":"es"},{"@type":"WebPage","@id":"https:\/\/elhogargallego.cat\/es\/felicitacion-del-ayuntamiento-de-los-santos-de-maimona\/","url":"https:\/\/elhogargallego.cat\/es\/felicitacion-del-ayuntamiento-de-los-santos-de-maimona\/","name":"Felicitaci\u00f3n del ayuntamiento de Los Santos de Maimona - El Hogar Gallego","isPartOf":{"@id":"https:\/\/elhogargallego.cat\/es\/#website"},"primaryImageOfPage":{"@id":"https:\/\/elhogargallego.cat\/es\/felicitacion-del-ayuntamiento-de-los-santos-de-maimona\/#primaryimage"},"image":{"@id":"https:\/\/elhogargallego.cat\/es\/felicitacion-del-ayuntamiento-de-los-santos-de-maimona\/#primaryimage"},"thumbnailUrl":"https:\/\/elhogargallego.cat\/wp-content\/uploads\/2025\/10\/logo-ayuntamiento-los-santos.webp","datePublished":"2025-10-10T08:58:44+00:00","dateModified":"2025-10-10T09:07:22+00:00","breadcrumb":{"@id":"https:\/\/elhogargallego.cat\/es\/felicitacion-del-ayuntamiento-de-los-santos-de-maimona\/#breadcrumb"},"inLanguage":"es","potentialAction":[{"@type":"ReadAction","target":["https:\/\/elhogargallego.cat\/es\/felicitacion-del-ayuntamiento-de-los-santos-de-maimona\/"]}]},{"@type":"ImageObject","inLanguage":"es","@id":"https:\/\/elhogargallego.cat\/es\/felicitacion-del-ayuntamiento-de-los-santos-de-maimona\/#primaryimage","url":"https:\/\/elhogargallego.cat\/wp-content\/uploads\/2025\/10\/logo-ayuntamiento-los-santos.webp","contentUrl":"https:\/\/elhogargallego.cat\/wp-content\/uploads\/2025\/10\/logo-ayuntamiento-los-santos.webp","width":703,"height":360},{"@type":"BreadcrumbList","@id":"https:\/\/elhogargallego.cat\/es\/felicitacion-del-ayuntamiento-de-los-santos-de-maimona\/#breadcrumb","itemListElement":[{"@type":"ListItem","position":1,"name":"Inici","item":"https:\/\/elhogargallego.cat\/es\/"},{"@type":"ListItem","position":2,"name":"Felicitaci\u00f3n del ayuntamiento de Los Santos de Maimona"}]},{"@type":"WebSite","@id":"https:\/\/elhogargallego.cat\/es\/#website","url":"https:\/\/elhogargallego.cat\/es\/","name":"El Hogar Gallego","description":"","publisher":{"@id":"https:\/\/elhogargallego.cat\/es\/#organization"},"potentialAction":[{"@type":"SearchAction","target":{"@type":"EntryPoint","urlTemplate":"https:\/\/elhogargallego.cat\/es\/?s={search_term_string}"},"query-input":{"@type":"PropertyValueSpecification","valueRequired":true,"valueName":"search_term_string"}}],"inLanguage":"es"},{"@type":"Organization","@id":"https:\/\/elhogargallego.cat\/es\/#organization","name":"El Hogar Gallego","url":"https:\/\/elhogargallego.cat\/es\/","logo":{"@type":"ImageObject","inLanguage":"es","@id":"https:\/\/elhogargallego.cat\/es\/#\/schema\/logo\/image\/","url":"https:\/\/elhogargallego.cat\/wp-content\/uploads\/2025\/02\/logo50.png","contentUrl":"https:\/\/elhogargallego.cat\/wp-content\/uploads\/2025\/02\/logo50.png","width":150,"height":114,"caption":"El Hogar Gallego"},"image":{"@id":"https:\/\/elhogargallego.cat\/es\/#\/schema\/logo\/image\/"},"sameAs":["https:\/\/www.facebook.com\/ElHogarGallego","http:\/\/instagram.com\/elhogargallego","http:\/\/www.youtube.com\/haciendahogargallego","https:\/\/www.tripadvisor.es\/Restaurant_Review-g580327-d997075-Reviews-El_Hogar_Gallego-Calella_Catalonia.html"]},{"@type":"Person","@id":"https:\/\/elhogargallego.cat\/es\/#\/schema\/person\/fc9a2cfeef02ab1280ad9fa75619d391","name":"disseny@matarogroc.com","sameAs":["https:\/\/elhogargallego.cat\/2022"],"url":"https:\/\/elhogargallego.cat\/es\/author\/dissenymatarogroc-com\/"}]}},"_links":{"self":[{"href":"https:\/\/elhogargallego.cat\/es\/wp-json\/wp\/v2\/posts\/30882"}],"collection":[{"href":"https:\/\/elhogargallego.cat\/es\/wp-json\/wp\/v2\/posts"}],"about":[{"href":"https:\/\/elhogargallego.cat\/es\/wp-json\/wp\/v2\/types\/post"}],"author":[{"embeddable":true,"href":"https:\/\/elhogargallego.cat\/es\/wp-json\/wp\/v2\/users\/1"}],"replies":[{"embeddable":true,"href":"https:\/\/elhogargallego.cat\/es\/wp-json\/wp\/v2\/comments?post=30882"}],"version-history":[{"count":5,"href":"https:\/\/elhogargallego.cat\/es\/wp-json\/wp\/v2\/posts\/30882\/revisions"}],"predecessor-version":[{"id":30895,"href":"https:\/\/elhogargallego.cat\/es\/wp-json\/wp\/v2\/posts\/30882\/revisions\/30895"}],"wp:featuredmedia":[{"embeddable":true,"href":"https:\/\/elhogargallego.cat\/es\/wp-json\/wp\/v2\/media\/30890"}],"wp:attachment":[{"href":"https:\/\/elhogargallego.cat\/es\/wp-json\/wp\/v2\/media?parent=30882"}],"wp:term":[{"taxonomy":"category","embeddable":true,"href":"https:\/\/elhogargallego.cat\/es\/wp-json\/wp\/v2\/categories?post=30882"},{"taxonomy":"post_tag","embeddable":true,"href":"https:\/\/elhogargallego.cat\/es\/wp-json\/wp\/v2\/tags?post=30882"}],"curies":[{"name":"wp","href":"https:\/\/api.w.org\/{rel}","templated":true}]}}