{"id":30838,"date":"2025-09-26T11:51:31","date_gmt":"2025-09-26T11:51:31","guid":{"rendered":"https:\/\/elhogargallego.cat\/?p=30838"},"modified":"2025-10-10T09:05:07","modified_gmt":"2025-10-10T09:05:07","slug":"felicitacion-de-la-consellera-deconomia-i-finances","status":"publish","type":"post","link":"https:\/\/elhogargallego.cat\/es\/felicitacion-de-la-consellera-deconomia-i-finances\/","title":{"rendered":"Felicitaci\u00f3n de la Consellera d&#8217;Economia i Finances"},"content":{"rendered":"\n<p>Benvolguda fam\u00edlia Gordillo,<br\/>Qu\u00e9 alegr\u00eda poder felicitarles en un momento tan especial: los 50 a\u00f1os de El Hogar Gallego. Medio siglo de historia que ha escrito con esfuerzo, pasi\u00f3n y una dedicaci\u00f3n que le han convertido en un referente gastron\u00f3mico de la costa del Maresme y del conjunto del pa\u00eds. <\/p>\n\n<p>Su trayectoria es un ejemplo de c\u00f3mo tres generaciones ha sabido mantener vivo un sue\u00f1o que ha crecido al ritmo del compromiso de todo el equipo con la buena cocina y la hospitalidad. Un sue\u00f1o compartido con una clientela fiel que le hemos acompa\u00f1ado a lo largo de estos a\u00f1os y que se refiere a vosotros con entusiasmo, cari\u00f1o y mucha gratitud. Porque su buen trabajo y el de todo el equipo hace posible que El Hogar Gallego sea mucho m\u00e1s que un restaurante: es una casa donde todo el mundo se siente bienvenido.  <\/p>\n\n<p>Deseo que esta celebraci\u00f3n marque el comienzo de una nueva etapa llena de nuevos logros y de momentos compartidos en torno a una buena mesa que, seguro, continuar\u00e1n fortaleciendo estos v\u00ednculos que ha sabido hacer crecer a fuego lento. Estos 50 a\u00f1os no son s\u00f3lo un reflejo del \u00e9xito pasado, sino que son tambi\u00e9n un punto de partida inspirador para afrontar con determinaci\u00f3n el futuro. <\/p>\n\n<p><br\/>\u00a1Por muchos a\u00f1os m\u00e1s!<\/p>\n\n<p><br\/>Con toda mi admiraci\u00f3n y cari\u00f1o,<br\/>Alicia Romero Llano<\/p>\n\n<p><\/p>\n","protected":false},"excerpt":{"rendered":"<p>Benvolguda fam\u00edlia Gordillo,Qu\u00e9 alegr\u00eda poder felicitarles en un momento tan especial: los 50 a\u00f1os de El Hogar Gallego. Medio siglo de historia que ha escrito con esfuerzo, pasi\u00f3n y una dedicaci\u00f3n que le han convertido en un referente gastron\u00f3mico de la costa del Maresme y del conjunto del pa\u00eds. Su trayectoria es un ejemplo de [&hellip;]<\/p>\n","protected":false},"author":1,"featured_media":30845,"comment_status":"closed","ping_status":"closed","sticky":false,"template":"","format":"standard","meta":{"footnotes":""},"categories":[15,16],"tags":[],"class_list":["post-30838","post","type-post","status-publish","format-standard","has-post-thumbnail","hentry","category-destacado","category-noticias"],"yoast_head":"<!-- This site is optimized with the Yoast SEO plugin v23.7 - https:\/\/yoast.com\/wordpress\/plugins\/seo\/ -->\n<title>Felicitaci\u00f3n de la Consellera d&#039;Economia i Finances - El Hogar Gallego<\/title>\n<meta name=\"robots\" content=\"index, follow, max-snippet:-1, max-image-preview:large, max-video-preview:-1\" \/>\n<link rel=\"canonical\" href=\"https:\/\/elhogargallego.cat\/es\/felicitacion-de-la-consellera-deconomia-i-finances\/\" \/>\n<meta property=\"og:locale\" content=\"es_ES\" \/>\n<meta property=\"og:type\" content=\"article\" \/>\n<meta property=\"og:title\" content=\"Felicitaci\u00f3n de la Consellera d&#039;Economia i Finances - El Hogar Gallego\" \/>\n<meta property=\"og:description\" content=\"Benvolguda fam\u00edlia Gordillo,Qu\u00e9 alegr\u00eda poder felicitarles en un momento tan especial: los 50 a\u00f1os de El Hogar Gallego. Medio siglo de historia que ha escrito con esfuerzo, pasi\u00f3n y una dedicaci\u00f3n que le han convertido en un referente gastron\u00f3mico de la costa del Maresme y del conjunto del pa\u00eds. Su trayectoria es un ejemplo de [&hellip;]\" \/>\n<meta property=\"og:url\" content=\"https:\/\/elhogargallego.cat\/es\/felicitacion-de-la-consellera-deconomia-i-finances\/\" \/>\n<meta property=\"og:site_name\" content=\"El Hogar Gallego\" \/>\n<meta property=\"article:publisher\" content=\"https:\/\/www.facebook.com\/ElHogarGallego\" \/>\n<meta property=\"article:published_time\" content=\"2025-09-26T11:51:31+00:00\" \/>\n<meta property=\"article:modified_time\" content=\"2025-10-10T09:05:07+00:00\" \/>\n<meta property=\"og:image\" content=\"https:\/\/elhogargallego.cat\/wp-content\/uploads\/2025\/09\/img_conselleria.jpg\" \/>\n\t<meta property=\"og:image:width\" content=\"1722\" \/>\n\t<meta property=\"og:image:height\" content=\"752\" \/>\n\t<meta property=\"og:image:type\" content=\"image\/jpeg\" \/>\n<meta name=\"author\" content=\"disseny@matarogroc.com\" \/>\n<meta name=\"twitter:card\" content=\"summary_large_image\" \/>\n<meta name=\"twitter:label1\" content=\"Escrito por\" \/>\n\t<meta name=\"twitter:data1\" content=\"disseny@matarogroc.com\" \/>\n\t<meta name=\"twitter:label2\" content=\"Tiempo de lectura\" \/>\n\t<meta name=\"twitter:data2\" content=\"1 minuto\" \/>\n<script type=\"application\/ld+json\" class=\"yoast-schema-graph\">{\"@context\":\"https:\/\/schema.org\",\"@graph\":[{\"@type\":\"Article\",\"@id\":\"https:\/\/elhogargallego.cat\/es\/felicitacion-de-la-consellera-deconomia-i-finances\/#article\",\"isPartOf\":{\"@id\":\"https:\/\/elhogargallego.cat\/es\/felicitacion-de-la-consellera-deconomia-i-finances\/\"},\"author\":{\"name\":\"disseny@matarogroc.com\",\"@id\":\"https:\/\/elhogargallego.cat\/es\/#\/schema\/person\/fc9a2cfeef02ab1280ad9fa75619d391\"},\"headline\":\"Felicitaci\u00f3n de la Consellera d&#8217;Economia i Finances\",\"datePublished\":\"2025-09-26T11:51:31+00:00\",\"dateModified\":\"2025-10-10T09:05:07+00:00\",\"mainEntityOfPage\":{\"@id\":\"https:\/\/elhogargallego.cat\/es\/felicitacion-de-la-consellera-deconomia-i-finances\/\"},\"wordCount\":253,\"publisher\":{\"@id\":\"https:\/\/elhogargallego.cat\/es\/#organization\"},\"image\":{\"@id\":\"https:\/\/elhogargallego.cat\/es\/felicitacion-de-la-consellera-deconomia-i-finances\/#primaryimage\"},\"thumbnailUrl\":\"https:\/\/elhogargallego.cat\/wp-content\/uploads\/2025\/09\/img_conselleria.jpg\",\"articleSection\":[\"Destacado Home\",\"Noticias\"],\"inLanguage\":\"es\"},{\"@type\":\"WebPage\",\"@id\":\"https:\/\/elhogargallego.cat\/es\/felicitacion-de-la-consellera-deconomia-i-finances\/\",\"url\":\"https:\/\/elhogargallego.cat\/es\/felicitacion-de-la-consellera-deconomia-i-finances\/\",\"name\":\"Felicitaci\u00f3n de la Consellera d'Economia i Finances - El Hogar Gallego\",\"isPartOf\":{\"@id\":\"https:\/\/elhogargallego.cat\/es\/#website\"},\"primaryImageOfPage\":{\"@id\":\"https:\/\/elhogargallego.cat\/es\/felicitacion-de-la-consellera-deconomia-i-finances\/#primaryimage\"},\"image\":{\"@id\":\"https:\/\/elhogargallego.cat\/es\/felicitacion-de-la-consellera-deconomia-i-finances\/#primaryimage\"},\"thumbnailUrl\":\"https:\/\/elhogargallego.cat\/wp-content\/uploads\/2025\/09\/img_conselleria.jpg\",\"datePublished\":\"2025-09-26T11:51:31+00:00\",\"dateModified\":\"2025-10-10T09:05:07+00:00\",\"breadcrumb\":{\"@id\":\"https:\/\/elhogargallego.cat\/es\/felicitacion-de-la-consellera-deconomia-i-finances\/#breadcrumb\"},\"inLanguage\":\"es\",\"potentialAction\":[{\"@type\":\"ReadAction\",\"target\":[\"https:\/\/elhogargallego.cat\/es\/felicitacion-de-la-consellera-deconomia-i-finances\/\"]}]},{\"@type\":\"ImageObject\",\"inLanguage\":\"es\",\"@id\":\"https:\/\/elhogargallego.cat\/es\/felicitacion-de-la-consellera-deconomia-i-finances\/#primaryimage\",\"url\":\"https:\/\/elhogargallego.cat\/wp-content\/uploads\/2025\/09\/img_conselleria.jpg\",\"contentUrl\":\"https:\/\/elhogargallego.cat\/wp-content\/uploads\/2025\/09\/img_conselleria.jpg\",\"width\":1722,\"height\":752},{\"@type\":\"BreadcrumbList\",\"@id\":\"https:\/\/elhogargallego.cat\/es\/felicitacion-de-la-consellera-deconomia-i-finances\/#breadcrumb\",\"itemListElement\":[{\"@type\":\"ListItem\",\"position\":1,\"name\":\"Inici\",\"item\":\"https:\/\/elhogargallego.cat\/es\/\"},{\"@type\":\"ListItem\",\"position\":2,\"name\":\"Felicitaci\u00f3n de la Consellera d&#8217;Economia i Finances\"}]},{\"@type\":\"WebSite\",\"@id\":\"https:\/\/elhogargallego.cat\/es\/#website\",\"url\":\"https:\/\/elhogargallego.cat\/es\/\",\"name\":\"El Hogar Gallego\",\"description\":\"\",\"publisher\":{\"@id\":\"https:\/\/elhogargallego.cat\/es\/#organization\"},\"potentialAction\":[{\"@type\":\"SearchAction\",\"target\":{\"@type\":\"EntryPoint\",\"urlTemplate\":\"https:\/\/elhogargallego.cat\/es\/?s={search_term_string}\"},\"query-input\":{\"@type\":\"PropertyValueSpecification\",\"valueRequired\":true,\"valueName\":\"search_term_string\"}}],\"inLanguage\":\"es\"},{\"@type\":\"Organization\",\"@id\":\"https:\/\/elhogargallego.cat\/es\/#organization\",\"name\":\"El Hogar Gallego\",\"url\":\"https:\/\/elhogargallego.cat\/es\/\",\"logo\":{\"@type\":\"ImageObject\",\"inLanguage\":\"es\",\"@id\":\"https:\/\/elhogargallego.cat\/es\/#\/schema\/logo\/image\/\",\"url\":\"https:\/\/elhogargallego.cat\/wp-content\/uploads\/2025\/02\/logo50.png\",\"contentUrl\":\"https:\/\/elhogargallego.cat\/wp-content\/uploads\/2025\/02\/logo50.png\",\"width\":150,\"height\":114,\"caption\":\"El Hogar Gallego\"},\"image\":{\"@id\":\"https:\/\/elhogargallego.cat\/es\/#\/schema\/logo\/image\/\"},\"sameAs\":[\"https:\/\/www.facebook.com\/ElHogarGallego\",\"http:\/\/instagram.com\/elhogargallego\",\"http:\/\/www.youtube.com\/haciendahogargallego\",\"https:\/\/www.tripadvisor.es\/Restaurant_Review-g580327-d997075-Reviews-El_Hogar_Gallego-Calella_Catalonia.html\"]},{\"@type\":\"Person\",\"@id\":\"https:\/\/elhogargallego.cat\/es\/#\/schema\/person\/fc9a2cfeef02ab1280ad9fa75619d391\",\"name\":\"disseny@matarogroc.com\",\"sameAs\":[\"https:\/\/elhogargallego.cat\/2022\"],\"url\":\"https:\/\/elhogargallego.cat\/es\/author\/dissenymatarogroc-com\/\"}]}<\/script>\n<!-- \/ Yoast SEO plugin. -->","yoast_head_json":{"title":"Felicitaci\u00f3n de la Consellera d'Economia i Finances - El Hogar Gallego","robots":{"index":"index","follow":"follow","max-snippet":"max-snippet:-1","max-image-preview":"max-image-preview:large","max-video-preview":"max-video-preview:-1"},"canonical":"https:\/\/elhogargallego.cat\/es\/felicitacion-de-la-consellera-deconomia-i-finances\/","og_locale":"es_ES","og_type":"article","og_title":"Felicitaci\u00f3n de la Consellera d'Economia i Finances - El Hogar Gallego","og_description":"Benvolguda fam\u00edlia Gordillo,Qu\u00e9 alegr\u00eda poder felicitarles en un momento tan especial: los 50 a\u00f1os de El Hogar Gallego. Medio siglo de historia que ha escrito con esfuerzo, pasi\u00f3n y una dedicaci\u00f3n que le han convertido en un referente gastron\u00f3mico de la costa del Maresme y del conjunto del pa\u00eds. Su trayectoria es un ejemplo de [&hellip;]","og_url":"https:\/\/elhogargallego.cat\/es\/felicitacion-de-la-consellera-deconomia-i-finances\/","og_site_name":"El Hogar Gallego","article_publisher":"https:\/\/www.facebook.com\/ElHogarGallego","article_published_time":"2025-09-26T11:51:31+00:00","article_modified_time":"2025-10-10T09:05:07+00:00","og_image":[{"width":1722,"height":752,"url":"https:\/\/elhogargallego.cat\/wp-content\/uploads\/2025\/09\/img_conselleria.jpg","type":"image\/jpeg"}],"author":"disseny@matarogroc.com","twitter_card":"summary_large_image","twitter_misc":{"Escrito por":"disseny@matarogroc.com","Tiempo de lectura":"1 minuto"},"schema":{"@context":"https:\/\/schema.org","@graph":[{"@type":"Article","@id":"https:\/\/elhogargallego.cat\/es\/felicitacion-de-la-consellera-deconomia-i-finances\/#article","isPartOf":{"@id":"https:\/\/elhogargallego.cat\/es\/felicitacion-de-la-consellera-deconomia-i-finances\/"},"author":{"name":"disseny@matarogroc.com","@id":"https:\/\/elhogargallego.cat\/es\/#\/schema\/person\/fc9a2cfeef02ab1280ad9fa75619d391"},"headline":"Felicitaci\u00f3n de la Consellera d&#8217;Economia i Finances","datePublished":"2025-09-26T11:51:31+00:00","dateModified":"2025-10-10T09:05:07+00:00","mainEntityOfPage":{"@id":"https:\/\/elhogargallego.cat\/es\/felicitacion-de-la-consellera-deconomia-i-finances\/"},"wordCount":253,"publisher":{"@id":"https:\/\/elhogargallego.cat\/es\/#organization"},"image":{"@id":"https:\/\/elhogargallego.cat\/es\/felicitacion-de-la-consellera-deconomia-i-finances\/#primaryimage"},"thumbnailUrl":"https:\/\/elhogargallego.cat\/wp-content\/uploads\/2025\/09\/img_conselleria.jpg","articleSection":["Destacado Home","Noticias"],"inLanguage":"es"},{"@type":"WebPage","@id":"https:\/\/elhogargallego.cat\/es\/felicitacion-de-la-consellera-deconomia-i-finances\/","url":"https:\/\/elhogargallego.cat\/es\/felicitacion-de-la-consellera-deconomia-i-finances\/","name":"Felicitaci\u00f3n de la Consellera d'Economia i Finances - El Hogar Gallego","isPartOf":{"@id":"https:\/\/elhogargallego.cat\/es\/#website"},"primaryImageOfPage":{"@id":"https:\/\/elhogargallego.cat\/es\/felicitacion-de-la-consellera-deconomia-i-finances\/#primaryimage"},"image":{"@id":"https:\/\/elhogargallego.cat\/es\/felicitacion-de-la-consellera-deconomia-i-finances\/#primaryimage"},"thumbnailUrl":"https:\/\/elhogargallego.cat\/wp-content\/uploads\/2025\/09\/img_conselleria.jpg","datePublished":"2025-09-26T11:51:31+00:00","dateModified":"2025-10-10T09:05:07+00:00","breadcrumb":{"@id":"https:\/\/elhogargallego.cat\/es\/felicitacion-de-la-consellera-deconomia-i-finances\/#breadcrumb"},"inLanguage":"es","potentialAction":[{"@type":"ReadAction","target":["https:\/\/elhogargallego.cat\/es\/felicitacion-de-la-consellera-deconomia-i-finances\/"]}]},{"@type":"ImageObject","inLanguage":"es","@id":"https:\/\/elhogargallego.cat\/es\/felicitacion-de-la-consellera-deconomia-i-finances\/#primaryimage","url":"https:\/\/elhogargallego.cat\/wp-content\/uploads\/2025\/09\/img_conselleria.jpg","contentUrl":"https:\/\/elhogargallego.cat\/wp-content\/uploads\/2025\/09\/img_conselleria.jpg","width":1722,"height":752},{"@type":"BreadcrumbList","@id":"https:\/\/elhogargallego.cat\/es\/felicitacion-de-la-consellera-deconomia-i-finances\/#breadcrumb","itemListElement":[{"@type":"ListItem","position":1,"name":"Inici","item":"https:\/\/elhogargallego.cat\/es\/"},{"@type":"ListItem","position":2,"name":"Felicitaci\u00f3n de la Consellera d&#8217;Economia i Finances"}]},{"@type":"WebSite","@id":"https:\/\/elhogargallego.cat\/es\/#website","url":"https:\/\/elhogargallego.cat\/es\/","name":"El Hogar Gallego","description":"","publisher":{"@id":"https:\/\/elhogargallego.cat\/es\/#organization"},"potentialAction":[{"@type":"SearchAction","target":{"@type":"EntryPoint","urlTemplate":"https:\/\/elhogargallego.cat\/es\/?s={search_term_string}"},"query-input":{"@type":"PropertyValueSpecification","valueRequired":true,"valueName":"search_term_string"}}],"inLanguage":"es"},{"@type":"Organization","@id":"https:\/\/elhogargallego.cat\/es\/#organization","name":"El Hogar Gallego","url":"https:\/\/elhogargallego.cat\/es\/","logo":{"@type":"ImageObject","inLanguage":"es","@id":"https:\/\/elhogargallego.cat\/es\/#\/schema\/logo\/image\/","url":"https:\/\/elhogargallego.cat\/wp-content\/uploads\/2025\/02\/logo50.png","contentUrl":"https:\/\/elhogargallego.cat\/wp-content\/uploads\/2025\/02\/logo50.png","width":150,"height":114,"caption":"El Hogar Gallego"},"image":{"@id":"https:\/\/elhogargallego.cat\/es\/#\/schema\/logo\/image\/"},"sameAs":["https:\/\/www.facebook.com\/ElHogarGallego","http:\/\/instagram.com\/elhogargallego","http:\/\/www.youtube.com\/haciendahogargallego","https:\/\/www.tripadvisor.es\/Restaurant_Review-g580327-d997075-Reviews-El_Hogar_Gallego-Calella_Catalonia.html"]},{"@type":"Person","@id":"https:\/\/elhogargallego.cat\/es\/#\/schema\/person\/fc9a2cfeef02ab1280ad9fa75619d391","name":"disseny@matarogroc.com","sameAs":["https:\/\/elhogargallego.cat\/2022"],"url":"https:\/\/elhogargallego.cat\/es\/author\/dissenymatarogroc-com\/"}]}},"_links":{"self":[{"href":"https:\/\/elhogargallego.cat\/es\/wp-json\/wp\/v2\/posts\/30838"}],"collection":[{"href":"https:\/\/elhogargallego.cat\/es\/wp-json\/wp\/v2\/posts"}],"about":[{"href":"https:\/\/elhogargallego.cat\/es\/wp-json\/wp\/v2\/types\/post"}],"author":[{"embeddable":true,"href":"https:\/\/elhogargallego.cat\/es\/wp-json\/wp\/v2\/users\/1"}],"replies":[{"embeddable":true,"href":"https:\/\/elhogargallego.cat\/es\/wp-json\/wp\/v2\/comments?post=30838"}],"version-history":[{"count":3,"href":"https:\/\/elhogargallego.cat\/es\/wp-json\/wp\/v2\/posts\/30838\/revisions"}],"predecessor-version":[{"id":30848,"href":"https:\/\/elhogargallego.cat\/es\/wp-json\/wp\/v2\/posts\/30838\/revisions\/30848"}],"wp:featuredmedia":[{"embeddable":true,"href":"https:\/\/elhogargallego.cat\/es\/wp-json\/wp\/v2\/media\/30845"}],"wp:attachment":[{"href":"https:\/\/elhogargallego.cat\/es\/wp-json\/wp\/v2\/media?parent=30838"}],"wp:term":[{"taxonomy":"category","embeddable":true,"href":"https:\/\/elhogargallego.cat\/es\/wp-json\/wp\/v2\/categories?post=30838"},{"taxonomy":"post_tag","embeddable":true,"href":"https:\/\/elhogargallego.cat\/es\/wp-json\/wp\/v2\/tags?post=30838"}],"curies":[{"name":"wp","href":"https:\/\/api.w.org\/{rel}","templated":true}]}}