{"id":30814,"date":"2025-08-25T07:18:10","date_gmt":"2025-08-25T07:18:10","guid":{"rendered":"https:\/\/elhogargallego.cat\/noticia-en-el-punt-avui-sueno-gallego-y-extremeno-en-calella\/"},"modified":"2025-10-10T08:56:24","modified_gmt":"2025-10-10T08:56:24","slug":"noticia-en-el-punt-avui-sueno-gallego-y-extremeno-en-calella","status":"publish","type":"post","link":"https:\/\/elhogargallego.cat\/es\/noticia-en-el-punt-avui-sueno-gallego-y-extremeno-en-calella\/","title":{"rendered":"Noticia en El Punt Avui: Sue\u00f1o gallego y extreme\u00f1o en Calella"},"content":{"rendered":"\n<p>Poco pod\u00edan imaginar Sara Bugallo Lois y Sa\u00fal Bern\u00e1rdez Alonso cuando llegaron a Calella procedentes del municipio de Forcarei, en Pontevedra, con sus hijos, Emilia y Carlos, que este 2025 conmemorar\u00edan el cincuentenario de un restaurante de prestigio en el pa\u00eds que ha dado la calidad del producto fresco que ofrece y por el valor gas de los fogones de El Hogar Gallego, el chef Toni Gordillo, y que le ha convertido en restaurante de referencia reconocido con un Sol Repsol y recomendado por la Gu\u00eda Michelin. Tampoco pod\u00edan saber estos gallegos, \u00e9l alba\u00f1il y que ya sab\u00eda lo que era la inmigraci\u00f3n en Am\u00e9rica y ella ama de casa, que la vida de su hija Emilia se cruzar\u00eda con la de Antonio Gordillo Lavado, llegado a Calella con 16 a\u00f1os desde Los Santos de Maimona, en Badajoz. <\/p>\n\n<p>Los Bern\u00e1rdez-Bugallo conservaron la casa en su pueblo de procedencia, pero se vendieron las vacas y todo lo que ten\u00edan. Llegaron a Calella cargados de patatas, chorizos y jamones y la providencia hizo que decidieran abrir un bar en Calella: Los Gallegos, que r\u00e1pidamente se hizo popular por la sabidur\u00eda de Sara en la cocina. Antonio Gordillo trabajaba de alba\u00f1il despu\u00e9s de haber hecho de pay\u00e9s y conoci\u00f3 a Emilia, con quien se cas\u00f3. \u00c9l mismo construy\u00f3 el bloque de pisos y el propio restaurante en los bajos cuando la familia decidi\u00f3 ampliar el bar Los Gallegos. Despu\u00e9s dej\u00f3 la construcci\u00f3n y se puso en la cocina con la suegra y aprendi\u00f3 de forma autodidacta. Fue \u00e9l quien le dio el vuelco de calidad y crecimiento, lo ampli\u00f3, compr\u00f3 una antigua f\u00e1brica en frente para dedicarla a parking y terraza de verano, e hizo crecer El Hogar Gallego. La abuela Sara, con 102 a\u00f1os, lo mira orgullosa, como tambi\u00e9n est\u00e1 que la tercera generaci\u00f3n mantenga en la carta de postres las \u201c<em>filloes <\/em>de la abuela Sara\u201d, de su creaci\u00f3n.      <\/p>\n\n<p>Toni Gordillo, el chef, ha dado un paso adelante. Se form\u00f3 profesionalmente en la Escuela de Hosteler\u00eda Hoffman de Barcelona y ha trabajado junto a Ferran Adri\u00e0, Santi Santamaria, Jean Luc Figueras y Olivier Roellinger. A esta experiencia profesional hay que sumarle que creci\u00f3 en la cocina del restaurante familiar. Ha mantenido el producto fresco que les llega del Atl\u00e1ntico y de las lonjas catalanas y ofrece una cocina moderna de ra\u00edces tradicionales, sin adornos. Adem\u00e1s de El Hogar Gallego, que llega al cincuentenario, gestionan La Hacienda del Hogar Gallego, en Sant Cebri\u00e0 de Vallalta, donde ofrecen banquetes y actos empresariales.    <\/p>\n\n<p>Hogar Gallego es la cocina del mar, con el producto como base. El producto de las huertas del Maresme se combina con marisco y pescado de Cambados, Blanes, Palam\u00f3s y Arenys. Como escribe Carles Vilarrub\u00ed, presidente de la Academia Catalana de Gastronom\u00eda y Nutrici\u00f3n, El Hogar Gallego \u00abes la historia de tres generaciones que con vocaci\u00f3n, sacrificio y pasi\u00f3n por la cocina han sabido construir una referencia indiscutible en el panorama gastron\u00f3mico catal\u00e1n\u00bb. S\u00f3lo un apunte. Cuando Santi Santamaria quer\u00eda pescado y marisco, ten\u00eda como referencia el restaurante, que mantiene en la carta un plato de homenaje al cocinero de Sant Celoni: los <em>callos <\/em>de bacalao guisos con butifarra.    <\/p>\n\n<p>Enlace a la noticia: <a href=\"https:\/\/www.elpuntavui.cat\/opinio\/article\/8-articles\/2563335-somni-gallec-i-extremeny-a-calella.html\">https:\/\/www.elpuntavui.cat\/opinio\/article\/8-articles\/2563335-somni-gallec-i-extremeny-a-calella.html<\/a> <\/p>\n\n<p><\/p>\n","protected":false},"excerpt":{"rendered":"<p>Poco pod\u00edan imaginar Sara Bugallo Lois y Sa\u00fal Bern\u00e1rdez Alonso cuando llegaron a Calella procedentes del municipio de Forcarei, en Pontevedra, con sus hijos, Emilia y Carlos, que este 2025 conmemorar\u00edan el cincuentenario de un restaurante de prestigio en el pa\u00eds que ha dado la calidad del producto fresco que ofrece y por el valor [&hellip;]<\/p>\n","protected":false},"author":1,"featured_media":30802,"comment_status":"closed","ping_status":"closed","sticky":false,"template":"","format":"standard","meta":{"footnotes":""},"categories":[15,16],"tags":[],"class_list":["post-30814","post","type-post","status-publish","format-standard","has-post-thumbnail","hentry","category-destacado","category-noticias"],"yoast_head":"<!-- This site is optimized with the Yoast SEO plugin v23.7 - https:\/\/yoast.com\/wordpress\/plugins\/seo\/ -->\n<title>Noticia en El Punt Avui: Sue\u00f1o gallego y extreme\u00f1o en Calella - El Hogar Gallego<\/title>\n<meta name=\"robots\" content=\"index, follow, max-snippet:-1, max-image-preview:large, max-video-preview:-1\" \/>\n<link rel=\"canonical\" href=\"https:\/\/elhogargallego.cat\/es\/noticia-en-el-punt-avui-sueno-gallego-y-extremeno-en-calella\/\" \/>\n<meta property=\"og:locale\" content=\"es_ES\" \/>\n<meta property=\"og:type\" content=\"article\" \/>\n<meta property=\"og:title\" content=\"Noticia en El Punt Avui: Sue\u00f1o gallego y extreme\u00f1o en Calella - El Hogar Gallego\" \/>\n<meta property=\"og:description\" content=\"Poco pod\u00edan imaginar Sara Bugallo Lois y Sa\u00fal Bern\u00e1rdez Alonso cuando llegaron a Calella procedentes del municipio de Forcarei, en Pontevedra, con sus hijos, Emilia y Carlos, que este 2025 conmemorar\u00edan el cincuentenario de un restaurante de prestigio en el pa\u00eds que ha dado la calidad del producto fresco que ofrece y por el valor [&hellip;]\" \/>\n<meta property=\"og:url\" content=\"https:\/\/elhogargallego.cat\/es\/noticia-en-el-punt-avui-sueno-gallego-y-extremeno-en-calella\/\" \/>\n<meta property=\"og:site_name\" content=\"El Hogar Gallego\" \/>\n<meta property=\"article:publisher\" content=\"https:\/\/www.facebook.com\/ElHogarGallego\" \/>\n<meta property=\"article:published_time\" content=\"2025-08-25T07:18:10+00:00\" \/>\n<meta property=\"article:modified_time\" content=\"2025-10-10T08:56:24+00:00\" \/>\n<meta property=\"og:image\" content=\"https:\/\/elhogargallego.cat\/wp-content\/uploads\/2025\/08\/Somni-gallec-i-extremeny-a-Calella.jpg\" \/>\n\t<meta property=\"og:image:width\" content=\"1600\" \/>\n\t<meta property=\"og:image:height\" content=\"1322\" \/>\n\t<meta property=\"og:image:type\" content=\"image\/jpeg\" \/>\n<meta name=\"author\" content=\"disseny@matarogroc.com\" \/>\n<meta name=\"twitter:card\" content=\"summary_large_image\" \/>\n<meta name=\"twitter:label1\" content=\"Escrito por\" \/>\n\t<meta name=\"twitter:data1\" content=\"disseny@matarogroc.com\" \/>\n\t<meta name=\"twitter:label2\" content=\"Tiempo de lectura\" \/>\n\t<meta name=\"twitter:data2\" content=\"3 minutos\" \/>\n<script type=\"application\/ld+json\" class=\"yoast-schema-graph\">{\"@context\":\"https:\/\/schema.org\",\"@graph\":[{\"@type\":\"Article\",\"@id\":\"https:\/\/elhogargallego.cat\/es\/noticia-en-el-punt-avui-sueno-gallego-y-extremeno-en-calella\/#article\",\"isPartOf\":{\"@id\":\"https:\/\/elhogargallego.cat\/es\/noticia-en-el-punt-avui-sueno-gallego-y-extremeno-en-calella\/\"},\"author\":{\"name\":\"disseny@matarogroc.com\",\"@id\":\"https:\/\/elhogargallego.cat\/es\/#\/schema\/person\/fc9a2cfeef02ab1280ad9fa75619d391\"},\"headline\":\"Noticia en El Punt Avui: Sue\u00f1o gallego y extreme\u00f1o en Calella\",\"datePublished\":\"2025-08-25T07:18:10+00:00\",\"dateModified\":\"2025-10-10T08:56:24+00:00\",\"mainEntityOfPage\":{\"@id\":\"https:\/\/elhogargallego.cat\/es\/noticia-en-el-punt-avui-sueno-gallego-y-extremeno-en-calella\/\"},\"wordCount\":591,\"publisher\":{\"@id\":\"https:\/\/elhogargallego.cat\/es\/#organization\"},\"image\":{\"@id\":\"https:\/\/elhogargallego.cat\/es\/noticia-en-el-punt-avui-sueno-gallego-y-extremeno-en-calella\/#primaryimage\"},\"thumbnailUrl\":\"https:\/\/elhogargallego.cat\/wp-content\/uploads\/2025\/08\/Somni-gallec-i-extremeny-a-Calella.jpg\",\"articleSection\":[\"Destacado Home\",\"Noticias\"],\"inLanguage\":\"es\"},{\"@type\":\"WebPage\",\"@id\":\"https:\/\/elhogargallego.cat\/es\/noticia-en-el-punt-avui-sueno-gallego-y-extremeno-en-calella\/\",\"url\":\"https:\/\/elhogargallego.cat\/es\/noticia-en-el-punt-avui-sueno-gallego-y-extremeno-en-calella\/\",\"name\":\"Noticia en El Punt Avui: Sue\u00f1o gallego y extreme\u00f1o en Calella - El Hogar Gallego\",\"isPartOf\":{\"@id\":\"https:\/\/elhogargallego.cat\/es\/#website\"},\"primaryImageOfPage\":{\"@id\":\"https:\/\/elhogargallego.cat\/es\/noticia-en-el-punt-avui-sueno-gallego-y-extremeno-en-calella\/#primaryimage\"},\"image\":{\"@id\":\"https:\/\/elhogargallego.cat\/es\/noticia-en-el-punt-avui-sueno-gallego-y-extremeno-en-calella\/#primaryimage\"},\"thumbnailUrl\":\"https:\/\/elhogargallego.cat\/wp-content\/uploads\/2025\/08\/Somni-gallec-i-extremeny-a-Calella.jpg\",\"datePublished\":\"2025-08-25T07:18:10+00:00\",\"dateModified\":\"2025-10-10T08:56:24+00:00\",\"breadcrumb\":{\"@id\":\"https:\/\/elhogargallego.cat\/es\/noticia-en-el-punt-avui-sueno-gallego-y-extremeno-en-calella\/#breadcrumb\"},\"inLanguage\":\"es\",\"potentialAction\":[{\"@type\":\"ReadAction\",\"target\":[\"https:\/\/elhogargallego.cat\/es\/noticia-en-el-punt-avui-sueno-gallego-y-extremeno-en-calella\/\"]}]},{\"@type\":\"ImageObject\",\"inLanguage\":\"es\",\"@id\":\"https:\/\/elhogargallego.cat\/es\/noticia-en-el-punt-avui-sueno-gallego-y-extremeno-en-calella\/#primaryimage\",\"url\":\"https:\/\/elhogargallego.cat\/wp-content\/uploads\/2025\/08\/Somni-gallec-i-extremeny-a-Calella.jpg\",\"contentUrl\":\"https:\/\/elhogargallego.cat\/wp-content\/uploads\/2025\/08\/Somni-gallec-i-extremeny-a-Calella.jpg\",\"width\":1600,\"height\":1322,\"caption\":\"http:\/\/www.elpunt.cat\"},{\"@type\":\"BreadcrumbList\",\"@id\":\"https:\/\/elhogargallego.cat\/es\/noticia-en-el-punt-avui-sueno-gallego-y-extremeno-en-calella\/#breadcrumb\",\"itemListElement\":[{\"@type\":\"ListItem\",\"position\":1,\"name\":\"Inici\",\"item\":\"https:\/\/elhogargallego.cat\/es\/\"},{\"@type\":\"ListItem\",\"position\":2,\"name\":\"Noticia en El Punt Avui: Sue\u00f1o gallego y extreme\u00f1o en Calella\"}]},{\"@type\":\"WebSite\",\"@id\":\"https:\/\/elhogargallego.cat\/es\/#website\",\"url\":\"https:\/\/elhogargallego.cat\/es\/\",\"name\":\"El Hogar Gallego\",\"description\":\"\",\"publisher\":{\"@id\":\"https:\/\/elhogargallego.cat\/es\/#organization\"},\"potentialAction\":[{\"@type\":\"SearchAction\",\"target\":{\"@type\":\"EntryPoint\",\"urlTemplate\":\"https:\/\/elhogargallego.cat\/es\/?s={search_term_string}\"},\"query-input\":{\"@type\":\"PropertyValueSpecification\",\"valueRequired\":true,\"valueName\":\"search_term_string\"}}],\"inLanguage\":\"es\"},{\"@type\":\"Organization\",\"@id\":\"https:\/\/elhogargallego.cat\/es\/#organization\",\"name\":\"El Hogar Gallego\",\"url\":\"https:\/\/elhogargallego.cat\/es\/\",\"logo\":{\"@type\":\"ImageObject\",\"inLanguage\":\"es\",\"@id\":\"https:\/\/elhogargallego.cat\/es\/#\/schema\/logo\/image\/\",\"url\":\"https:\/\/elhogargallego.cat\/wp-content\/uploads\/2025\/02\/logo50.png\",\"contentUrl\":\"https:\/\/elhogargallego.cat\/wp-content\/uploads\/2025\/02\/logo50.png\",\"width\":150,\"height\":114,\"caption\":\"El Hogar Gallego\"},\"image\":{\"@id\":\"https:\/\/elhogargallego.cat\/es\/#\/schema\/logo\/image\/\"},\"sameAs\":[\"https:\/\/www.facebook.com\/ElHogarGallego\",\"http:\/\/instagram.com\/elhogargallego\",\"http:\/\/www.youtube.com\/haciendahogargallego\",\"https:\/\/www.tripadvisor.es\/Restaurant_Review-g580327-d997075-Reviews-El_Hogar_Gallego-Calella_Catalonia.html\"]},{\"@type\":\"Person\",\"@id\":\"https:\/\/elhogargallego.cat\/es\/#\/schema\/person\/fc9a2cfeef02ab1280ad9fa75619d391\",\"name\":\"disseny@matarogroc.com\",\"sameAs\":[\"https:\/\/elhogargallego.cat\/2022\"],\"url\":\"https:\/\/elhogargallego.cat\/es\/author\/dissenymatarogroc-com\/\"}]}<\/script>\n<!-- \/ Yoast SEO plugin. -->","yoast_head_json":{"title":"Noticia en El Punt Avui: Sue\u00f1o gallego y extreme\u00f1o en Calella - El Hogar Gallego","robots":{"index":"index","follow":"follow","max-snippet":"max-snippet:-1","max-image-preview":"max-image-preview:large","max-video-preview":"max-video-preview:-1"},"canonical":"https:\/\/elhogargallego.cat\/es\/noticia-en-el-punt-avui-sueno-gallego-y-extremeno-en-calella\/","og_locale":"es_ES","og_type":"article","og_title":"Noticia en El Punt Avui: Sue\u00f1o gallego y extreme\u00f1o en Calella - El Hogar Gallego","og_description":"Poco pod\u00edan imaginar Sara Bugallo Lois y Sa\u00fal Bern\u00e1rdez Alonso cuando llegaron a Calella procedentes del municipio de Forcarei, en Pontevedra, con sus hijos, Emilia y Carlos, que este 2025 conmemorar\u00edan el cincuentenario de un restaurante de prestigio en el pa\u00eds que ha dado la calidad del producto fresco que ofrece y por el valor [&hellip;]","og_url":"https:\/\/elhogargallego.cat\/es\/noticia-en-el-punt-avui-sueno-gallego-y-extremeno-en-calella\/","og_site_name":"El Hogar Gallego","article_publisher":"https:\/\/www.facebook.com\/ElHogarGallego","article_published_time":"2025-08-25T07:18:10+00:00","article_modified_time":"2025-10-10T08:56:24+00:00","og_image":[{"width":1600,"height":1322,"url":"https:\/\/elhogargallego.cat\/wp-content\/uploads\/2025\/08\/Somni-gallec-i-extremeny-a-Calella.jpg","type":"image\/jpeg"}],"author":"disseny@matarogroc.com","twitter_card":"summary_large_image","twitter_misc":{"Escrito por":"disseny@matarogroc.com","Tiempo de lectura":"3 minutos"},"schema":{"@context":"https:\/\/schema.org","@graph":[{"@type":"Article","@id":"https:\/\/elhogargallego.cat\/es\/noticia-en-el-punt-avui-sueno-gallego-y-extremeno-en-calella\/#article","isPartOf":{"@id":"https:\/\/elhogargallego.cat\/es\/noticia-en-el-punt-avui-sueno-gallego-y-extremeno-en-calella\/"},"author":{"name":"disseny@matarogroc.com","@id":"https:\/\/elhogargallego.cat\/es\/#\/schema\/person\/fc9a2cfeef02ab1280ad9fa75619d391"},"headline":"Noticia en El Punt Avui: Sue\u00f1o gallego y extreme\u00f1o en Calella","datePublished":"2025-08-25T07:18:10+00:00","dateModified":"2025-10-10T08:56:24+00:00","mainEntityOfPage":{"@id":"https:\/\/elhogargallego.cat\/es\/noticia-en-el-punt-avui-sueno-gallego-y-extremeno-en-calella\/"},"wordCount":591,"publisher":{"@id":"https:\/\/elhogargallego.cat\/es\/#organization"},"image":{"@id":"https:\/\/elhogargallego.cat\/es\/noticia-en-el-punt-avui-sueno-gallego-y-extremeno-en-calella\/#primaryimage"},"thumbnailUrl":"https:\/\/elhogargallego.cat\/wp-content\/uploads\/2025\/08\/Somni-gallec-i-extremeny-a-Calella.jpg","articleSection":["Destacado Home","Noticias"],"inLanguage":"es"},{"@type":"WebPage","@id":"https:\/\/elhogargallego.cat\/es\/noticia-en-el-punt-avui-sueno-gallego-y-extremeno-en-calella\/","url":"https:\/\/elhogargallego.cat\/es\/noticia-en-el-punt-avui-sueno-gallego-y-extremeno-en-calella\/","name":"Noticia en El Punt Avui: Sue\u00f1o gallego y extreme\u00f1o en Calella - El Hogar Gallego","isPartOf":{"@id":"https:\/\/elhogargallego.cat\/es\/#website"},"primaryImageOfPage":{"@id":"https:\/\/elhogargallego.cat\/es\/noticia-en-el-punt-avui-sueno-gallego-y-extremeno-en-calella\/#primaryimage"},"image":{"@id":"https:\/\/elhogargallego.cat\/es\/noticia-en-el-punt-avui-sueno-gallego-y-extremeno-en-calella\/#primaryimage"},"thumbnailUrl":"https:\/\/elhogargallego.cat\/wp-content\/uploads\/2025\/08\/Somni-gallec-i-extremeny-a-Calella.jpg","datePublished":"2025-08-25T07:18:10+00:00","dateModified":"2025-10-10T08:56:24+00:00","breadcrumb":{"@id":"https:\/\/elhogargallego.cat\/es\/noticia-en-el-punt-avui-sueno-gallego-y-extremeno-en-calella\/#breadcrumb"},"inLanguage":"es","potentialAction":[{"@type":"ReadAction","target":["https:\/\/elhogargallego.cat\/es\/noticia-en-el-punt-avui-sueno-gallego-y-extremeno-en-calella\/"]}]},{"@type":"ImageObject","inLanguage":"es","@id":"https:\/\/elhogargallego.cat\/es\/noticia-en-el-punt-avui-sueno-gallego-y-extremeno-en-calella\/#primaryimage","url":"https:\/\/elhogargallego.cat\/wp-content\/uploads\/2025\/08\/Somni-gallec-i-extremeny-a-Calella.jpg","contentUrl":"https:\/\/elhogargallego.cat\/wp-content\/uploads\/2025\/08\/Somni-gallec-i-extremeny-a-Calella.jpg","width":1600,"height":1322,"caption":"http:\/\/www.elpunt.cat"},{"@type":"BreadcrumbList","@id":"https:\/\/elhogargallego.cat\/es\/noticia-en-el-punt-avui-sueno-gallego-y-extremeno-en-calella\/#breadcrumb","itemListElement":[{"@type":"ListItem","position":1,"name":"Inici","item":"https:\/\/elhogargallego.cat\/es\/"},{"@type":"ListItem","position":2,"name":"Noticia en El Punt Avui: Sue\u00f1o gallego y extreme\u00f1o en Calella"}]},{"@type":"WebSite","@id":"https:\/\/elhogargallego.cat\/es\/#website","url":"https:\/\/elhogargallego.cat\/es\/","name":"El Hogar Gallego","description":"","publisher":{"@id":"https:\/\/elhogargallego.cat\/es\/#organization"},"potentialAction":[{"@type":"SearchAction","target":{"@type":"EntryPoint","urlTemplate":"https:\/\/elhogargallego.cat\/es\/?s={search_term_string}"},"query-input":{"@type":"PropertyValueSpecification","valueRequired":true,"valueName":"search_term_string"}}],"inLanguage":"es"},{"@type":"Organization","@id":"https:\/\/elhogargallego.cat\/es\/#organization","name":"El Hogar Gallego","url":"https:\/\/elhogargallego.cat\/es\/","logo":{"@type":"ImageObject","inLanguage":"es","@id":"https:\/\/elhogargallego.cat\/es\/#\/schema\/logo\/image\/","url":"https:\/\/elhogargallego.cat\/wp-content\/uploads\/2025\/02\/logo50.png","contentUrl":"https:\/\/elhogargallego.cat\/wp-content\/uploads\/2025\/02\/logo50.png","width":150,"height":114,"caption":"El Hogar Gallego"},"image":{"@id":"https:\/\/elhogargallego.cat\/es\/#\/schema\/logo\/image\/"},"sameAs":["https:\/\/www.facebook.com\/ElHogarGallego","http:\/\/instagram.com\/elhogargallego","http:\/\/www.youtube.com\/haciendahogargallego","https:\/\/www.tripadvisor.es\/Restaurant_Review-g580327-d997075-Reviews-El_Hogar_Gallego-Calella_Catalonia.html"]},{"@type":"Person","@id":"https:\/\/elhogargallego.cat\/es\/#\/schema\/person\/fc9a2cfeef02ab1280ad9fa75619d391","name":"disseny@matarogroc.com","sameAs":["https:\/\/elhogargallego.cat\/2022"],"url":"https:\/\/elhogargallego.cat\/es\/author\/dissenymatarogroc-com\/"}]}},"_links":{"self":[{"href":"https:\/\/elhogargallego.cat\/es\/wp-json\/wp\/v2\/posts\/30814"}],"collection":[{"href":"https:\/\/elhogargallego.cat\/es\/wp-json\/wp\/v2\/posts"}],"about":[{"href":"https:\/\/elhogargallego.cat\/es\/wp-json\/wp\/v2\/types\/post"}],"author":[{"embeddable":true,"href":"https:\/\/elhogargallego.cat\/es\/wp-json\/wp\/v2\/users\/1"}],"replies":[{"embeddable":true,"href":"https:\/\/elhogargallego.cat\/es\/wp-json\/wp\/v2\/comments?post=30814"}],"version-history":[{"count":3,"href":"https:\/\/elhogargallego.cat\/es\/wp-json\/wp\/v2\/posts\/30814\/revisions"}],"predecessor-version":[{"id":30822,"href":"https:\/\/elhogargallego.cat\/es\/wp-json\/wp\/v2\/posts\/30814\/revisions\/30822"}],"wp:featuredmedia":[{"embeddable":true,"href":"https:\/\/elhogargallego.cat\/es\/wp-json\/wp\/v2\/media\/30802"}],"wp:attachment":[{"href":"https:\/\/elhogargallego.cat\/es\/wp-json\/wp\/v2\/media?parent=30814"}],"wp:term":[{"taxonomy":"category","embeddable":true,"href":"https:\/\/elhogargallego.cat\/es\/wp-json\/wp\/v2\/categories?post=30814"},{"taxonomy":"post_tag","embeddable":true,"href":"https:\/\/elhogargallego.cat\/es\/wp-json\/wp\/v2\/tags?post=30814"}],"curies":[{"name":"wp","href":"https:\/\/api.w.org\/{rel}","templated":true}]}}