{"id":30770,"date":"2025-08-04T06:45:47","date_gmt":"2025-08-04T06:45:47","guid":{"rendered":"https:\/\/elhogargallego.cat\/felicitacion-del-consejo-comarcal-del-maresme\/"},"modified":"2025-10-10T08:56:24","modified_gmt":"2025-10-10T08:56:24","slug":"felicitacion-del-consejo-comarcal-del-maresme","status":"publish","type":"post","link":"https:\/\/elhogargallego.cat\/es\/felicitacion-del-consejo-comarcal-del-maresme\/","title":{"rendered":"Felicitaci\u00f3n del Consejo Comarcal del Maresme"},"content":{"rendered":"\n<p>Es un placer felicitar al restaurante El Hogar Gallego en la celebraci\u00f3n de su 50 aniversario. Medio siglo de historia es testigo de una trayectoria excepcional marcada por la excelencia gastron\u00f3mica, el compromiso con la calidad y un servicio excepcional, que ha hecho sentirse como en casa a generaciones de clientes.<br\/>Durante estos cincuenta a\u00f1os, el restaurante se ha convertido en un referente indiscutible en Calella y en todo el Maresme, llevando lo mejor de la cocina gallega a nuestra mesa. Su apuesta por los productos de primera calidad, gallegos, del Maresme, atl\u00e1nticos y mediterr\u00e1neos, as\u00ed como la atenci\u00f3n a los detalles y la pasi\u00f3n por la gastronom\u00eda han hecho que este establecimiento sea mucho m\u00e1s que un restaurante: es un s\u00edmbolo de tradici\u00f3n, esfuerzo y dedicaci\u00f3n.  <\/p>\n\n<p>Enhorabuena familia Gordillo. Ha hecho posible un proyecto que ha visto pasar por sus fogones a tres generaciones. Tampoco quiero olvidarme de todo el equipo que hoy sigue trabajando con la misma ilusi\u00f3n y profesionalidad.  <\/p>\n\n<p>Que este aniversario sea el preludio de muchos a\u00f1os m\u00e1s de logros y buenos momentos. \u00a1Por muchos a\u00f1os! <\/p>\n\n<p>Francesc Alemany Mart\u00ednez<br\/>Presidente<\/p>\n","protected":false},"excerpt":{"rendered":"<p>Es un placer felicitar al restaurante El Hogar Gallego en la celebraci\u00f3n de su 50 aniversario. Medio siglo de historia es testigo de una trayectoria excepcional marcada por la excelencia gastron\u00f3mica, el compromiso con la calidad y un servicio excepcional, que ha hecho sentirse como en casa a generaciones de clientes.Durante estos cincuenta a\u00f1os, el [&hellip;]<\/p>\n","protected":false},"author":1,"featured_media":30780,"comment_status":"closed","ping_status":"closed","sticky":false,"template":"","format":"standard","meta":{"footnotes":""},"categories":[15,16],"tags":[],"class_list":["post-30770","post","type-post","status-publish","format-standard","has-post-thumbnail","hentry","category-destacado","category-noticias"],"yoast_head":"<!-- This site is optimized with the Yoast SEO plugin v23.7 - https:\/\/yoast.com\/wordpress\/plugins\/seo\/ -->\n<title>Felicitaci\u00f3n del Consejo Comarcal del Maresme - El Hogar Gallego<\/title>\n<meta name=\"robots\" content=\"index, follow, max-snippet:-1, max-image-preview:large, max-video-preview:-1\" \/>\n<link rel=\"canonical\" href=\"https:\/\/elhogargallego.cat\/es\/felicitacion-del-consejo-comarcal-del-maresme\/\" \/>\n<meta property=\"og:locale\" content=\"es_ES\" \/>\n<meta property=\"og:type\" content=\"article\" \/>\n<meta property=\"og:title\" content=\"Felicitaci\u00f3n del Consejo Comarcal del Maresme - El Hogar Gallego\" \/>\n<meta property=\"og:description\" content=\"Es un placer felicitar al restaurante El Hogar Gallego en la celebraci\u00f3n de su 50 aniversario. Medio siglo de historia es testigo de una trayectoria excepcional marcada por la excelencia gastron\u00f3mica, el compromiso con la calidad y un servicio excepcional, que ha hecho sentirse como en casa a generaciones de clientes.Durante estos cincuenta a\u00f1os, el [&hellip;]\" \/>\n<meta property=\"og:url\" content=\"https:\/\/elhogargallego.cat\/es\/felicitacion-del-consejo-comarcal-del-maresme\/\" \/>\n<meta property=\"og:site_name\" content=\"El Hogar Gallego\" \/>\n<meta property=\"article:publisher\" content=\"https:\/\/www.facebook.com\/ElHogarGallego\" \/>\n<meta property=\"article:published_time\" content=\"2025-08-04T06:45:47+00:00\" \/>\n<meta property=\"article:modified_time\" content=\"2025-10-10T08:56:24+00:00\" \/>\n<meta property=\"og:image\" content=\"https:\/\/elhogargallego.cat\/wp-content\/uploads\/2025\/08\/LogoCCM2021Hortizontal_Blau.jpg\" \/>\n\t<meta property=\"og:image:width\" content=\"1182\" \/>\n\t<meta property=\"og:image:height\" content=\"591\" \/>\n\t<meta property=\"og:image:type\" content=\"image\/jpeg\" \/>\n<meta name=\"author\" content=\"disseny@matarogroc.com\" \/>\n<meta name=\"twitter:card\" content=\"summary_large_image\" \/>\n<meta name=\"twitter:label1\" content=\"Escrito por\" \/>\n\t<meta name=\"twitter:data1\" content=\"disseny@matarogroc.com\" \/>\n\t<meta name=\"twitter:label2\" content=\"Tiempo de lectura\" \/>\n\t<meta name=\"twitter:data2\" content=\"1 minuto\" \/>\n<script type=\"application\/ld+json\" class=\"yoast-schema-graph\">{\"@context\":\"https:\/\/schema.org\",\"@graph\":[{\"@type\":\"Article\",\"@id\":\"https:\/\/elhogargallego.cat\/es\/felicitacion-del-consejo-comarcal-del-maresme\/#article\",\"isPartOf\":{\"@id\":\"https:\/\/elhogargallego.cat\/es\/felicitacion-del-consejo-comarcal-del-maresme\/\"},\"author\":{\"name\":\"disseny@matarogroc.com\",\"@id\":\"https:\/\/elhogargallego.cat\/es\/#\/schema\/person\/fc9a2cfeef02ab1280ad9fa75619d391\"},\"headline\":\"Felicitaci\u00f3n del Consejo Comarcal del Maresme\",\"datePublished\":\"2025-08-04T06:45:47+00:00\",\"dateModified\":\"2025-10-10T08:56:24+00:00\",\"mainEntityOfPage\":{\"@id\":\"https:\/\/elhogargallego.cat\/es\/felicitacion-del-consejo-comarcal-del-maresme\/\"},\"wordCount\":206,\"publisher\":{\"@id\":\"https:\/\/elhogargallego.cat\/es\/#organization\"},\"image\":{\"@id\":\"https:\/\/elhogargallego.cat\/es\/felicitacion-del-consejo-comarcal-del-maresme\/#primaryimage\"},\"thumbnailUrl\":\"https:\/\/elhogargallego.cat\/wp-content\/uploads\/2025\/08\/LogoCCM2021Hortizontal_Blau.jpg\",\"articleSection\":[\"Destacado Home\",\"Noticias\"],\"inLanguage\":\"es\"},{\"@type\":\"WebPage\",\"@id\":\"https:\/\/elhogargallego.cat\/es\/felicitacion-del-consejo-comarcal-del-maresme\/\",\"url\":\"https:\/\/elhogargallego.cat\/es\/felicitacion-del-consejo-comarcal-del-maresme\/\",\"name\":\"Felicitaci\u00f3n del Consejo Comarcal del Maresme - El Hogar Gallego\",\"isPartOf\":{\"@id\":\"https:\/\/elhogargallego.cat\/es\/#website\"},\"primaryImageOfPage\":{\"@id\":\"https:\/\/elhogargallego.cat\/es\/felicitacion-del-consejo-comarcal-del-maresme\/#primaryimage\"},\"image\":{\"@id\":\"https:\/\/elhogargallego.cat\/es\/felicitacion-del-consejo-comarcal-del-maresme\/#primaryimage\"},\"thumbnailUrl\":\"https:\/\/elhogargallego.cat\/wp-content\/uploads\/2025\/08\/LogoCCM2021Hortizontal_Blau.jpg\",\"datePublished\":\"2025-08-04T06:45:47+00:00\",\"dateModified\":\"2025-10-10T08:56:24+00:00\",\"breadcrumb\":{\"@id\":\"https:\/\/elhogargallego.cat\/es\/felicitacion-del-consejo-comarcal-del-maresme\/#breadcrumb\"},\"inLanguage\":\"es\",\"potentialAction\":[{\"@type\":\"ReadAction\",\"target\":[\"https:\/\/elhogargallego.cat\/es\/felicitacion-del-consejo-comarcal-del-maresme\/\"]}]},{\"@type\":\"ImageObject\",\"inLanguage\":\"es\",\"@id\":\"https:\/\/elhogargallego.cat\/es\/felicitacion-del-consejo-comarcal-del-maresme\/#primaryimage\",\"url\":\"https:\/\/elhogargallego.cat\/wp-content\/uploads\/2025\/08\/LogoCCM2021Hortizontal_Blau.jpg\",\"contentUrl\":\"https:\/\/elhogargallego.cat\/wp-content\/uploads\/2025\/08\/LogoCCM2021Hortizontal_Blau.jpg\",\"width\":1182,\"height\":591},{\"@type\":\"BreadcrumbList\",\"@id\":\"https:\/\/elhogargallego.cat\/es\/felicitacion-del-consejo-comarcal-del-maresme\/#breadcrumb\",\"itemListElement\":[{\"@type\":\"ListItem\",\"position\":1,\"name\":\"Inici\",\"item\":\"https:\/\/elhogargallego.cat\/es\/\"},{\"@type\":\"ListItem\",\"position\":2,\"name\":\"Felicitaci\u00f3n del Consejo Comarcal del Maresme\"}]},{\"@type\":\"WebSite\",\"@id\":\"https:\/\/elhogargallego.cat\/es\/#website\",\"url\":\"https:\/\/elhogargallego.cat\/es\/\",\"name\":\"El Hogar Gallego\",\"description\":\"\",\"publisher\":{\"@id\":\"https:\/\/elhogargallego.cat\/es\/#organization\"},\"potentialAction\":[{\"@type\":\"SearchAction\",\"target\":{\"@type\":\"EntryPoint\",\"urlTemplate\":\"https:\/\/elhogargallego.cat\/es\/?s={search_term_string}\"},\"query-input\":{\"@type\":\"PropertyValueSpecification\",\"valueRequired\":true,\"valueName\":\"search_term_string\"}}],\"inLanguage\":\"es\"},{\"@type\":\"Organization\",\"@id\":\"https:\/\/elhogargallego.cat\/es\/#organization\",\"name\":\"El Hogar Gallego\",\"url\":\"https:\/\/elhogargallego.cat\/es\/\",\"logo\":{\"@type\":\"ImageObject\",\"inLanguage\":\"es\",\"@id\":\"https:\/\/elhogargallego.cat\/es\/#\/schema\/logo\/image\/\",\"url\":\"https:\/\/elhogargallego.cat\/wp-content\/uploads\/2025\/02\/logo50.png\",\"contentUrl\":\"https:\/\/elhogargallego.cat\/wp-content\/uploads\/2025\/02\/logo50.png\",\"width\":150,\"height\":114,\"caption\":\"El Hogar Gallego\"},\"image\":{\"@id\":\"https:\/\/elhogargallego.cat\/es\/#\/schema\/logo\/image\/\"},\"sameAs\":[\"https:\/\/www.facebook.com\/ElHogarGallego\",\"http:\/\/instagram.com\/elhogargallego\",\"http:\/\/www.youtube.com\/haciendahogargallego\",\"https:\/\/www.tripadvisor.es\/Restaurant_Review-g580327-d997075-Reviews-El_Hogar_Gallego-Calella_Catalonia.html\"]},{\"@type\":\"Person\",\"@id\":\"https:\/\/elhogargallego.cat\/es\/#\/schema\/person\/fc9a2cfeef02ab1280ad9fa75619d391\",\"name\":\"disseny@matarogroc.com\",\"sameAs\":[\"https:\/\/elhogargallego.cat\/2022\"],\"url\":\"https:\/\/elhogargallego.cat\/es\/author\/dissenymatarogroc-com\/\"}]}<\/script>\n<!-- \/ Yoast SEO plugin. -->","yoast_head_json":{"title":"Felicitaci\u00f3n del Consejo Comarcal del Maresme - El Hogar Gallego","robots":{"index":"index","follow":"follow","max-snippet":"max-snippet:-1","max-image-preview":"max-image-preview:large","max-video-preview":"max-video-preview:-1"},"canonical":"https:\/\/elhogargallego.cat\/es\/felicitacion-del-consejo-comarcal-del-maresme\/","og_locale":"es_ES","og_type":"article","og_title":"Felicitaci\u00f3n del Consejo Comarcal del Maresme - El Hogar Gallego","og_description":"Es un placer felicitar al restaurante El Hogar Gallego en la celebraci\u00f3n de su 50 aniversario. Medio siglo de historia es testigo de una trayectoria excepcional marcada por la excelencia gastron\u00f3mica, el compromiso con la calidad y un servicio excepcional, que ha hecho sentirse como en casa a generaciones de clientes.Durante estos cincuenta a\u00f1os, el [&hellip;]","og_url":"https:\/\/elhogargallego.cat\/es\/felicitacion-del-consejo-comarcal-del-maresme\/","og_site_name":"El Hogar Gallego","article_publisher":"https:\/\/www.facebook.com\/ElHogarGallego","article_published_time":"2025-08-04T06:45:47+00:00","article_modified_time":"2025-10-10T08:56:24+00:00","og_image":[{"width":1182,"height":591,"url":"https:\/\/elhogargallego.cat\/wp-content\/uploads\/2025\/08\/LogoCCM2021Hortizontal_Blau.jpg","type":"image\/jpeg"}],"author":"disseny@matarogroc.com","twitter_card":"summary_large_image","twitter_misc":{"Escrito por":"disseny@matarogroc.com","Tiempo de lectura":"1 minuto"},"schema":{"@context":"https:\/\/schema.org","@graph":[{"@type":"Article","@id":"https:\/\/elhogargallego.cat\/es\/felicitacion-del-consejo-comarcal-del-maresme\/#article","isPartOf":{"@id":"https:\/\/elhogargallego.cat\/es\/felicitacion-del-consejo-comarcal-del-maresme\/"},"author":{"name":"disseny@matarogroc.com","@id":"https:\/\/elhogargallego.cat\/es\/#\/schema\/person\/fc9a2cfeef02ab1280ad9fa75619d391"},"headline":"Felicitaci\u00f3n del Consejo Comarcal del Maresme","datePublished":"2025-08-04T06:45:47+00:00","dateModified":"2025-10-10T08:56:24+00:00","mainEntityOfPage":{"@id":"https:\/\/elhogargallego.cat\/es\/felicitacion-del-consejo-comarcal-del-maresme\/"},"wordCount":206,"publisher":{"@id":"https:\/\/elhogargallego.cat\/es\/#organization"},"image":{"@id":"https:\/\/elhogargallego.cat\/es\/felicitacion-del-consejo-comarcal-del-maresme\/#primaryimage"},"thumbnailUrl":"https:\/\/elhogargallego.cat\/wp-content\/uploads\/2025\/08\/LogoCCM2021Hortizontal_Blau.jpg","articleSection":["Destacado Home","Noticias"],"inLanguage":"es"},{"@type":"WebPage","@id":"https:\/\/elhogargallego.cat\/es\/felicitacion-del-consejo-comarcal-del-maresme\/","url":"https:\/\/elhogargallego.cat\/es\/felicitacion-del-consejo-comarcal-del-maresme\/","name":"Felicitaci\u00f3n del Consejo Comarcal del Maresme - El Hogar Gallego","isPartOf":{"@id":"https:\/\/elhogargallego.cat\/es\/#website"},"primaryImageOfPage":{"@id":"https:\/\/elhogargallego.cat\/es\/felicitacion-del-consejo-comarcal-del-maresme\/#primaryimage"},"image":{"@id":"https:\/\/elhogargallego.cat\/es\/felicitacion-del-consejo-comarcal-del-maresme\/#primaryimage"},"thumbnailUrl":"https:\/\/elhogargallego.cat\/wp-content\/uploads\/2025\/08\/LogoCCM2021Hortizontal_Blau.jpg","datePublished":"2025-08-04T06:45:47+00:00","dateModified":"2025-10-10T08:56:24+00:00","breadcrumb":{"@id":"https:\/\/elhogargallego.cat\/es\/felicitacion-del-consejo-comarcal-del-maresme\/#breadcrumb"},"inLanguage":"es","potentialAction":[{"@type":"ReadAction","target":["https:\/\/elhogargallego.cat\/es\/felicitacion-del-consejo-comarcal-del-maresme\/"]}]},{"@type":"ImageObject","inLanguage":"es","@id":"https:\/\/elhogargallego.cat\/es\/felicitacion-del-consejo-comarcal-del-maresme\/#primaryimage","url":"https:\/\/elhogargallego.cat\/wp-content\/uploads\/2025\/08\/LogoCCM2021Hortizontal_Blau.jpg","contentUrl":"https:\/\/elhogargallego.cat\/wp-content\/uploads\/2025\/08\/LogoCCM2021Hortizontal_Blau.jpg","width":1182,"height":591},{"@type":"BreadcrumbList","@id":"https:\/\/elhogargallego.cat\/es\/felicitacion-del-consejo-comarcal-del-maresme\/#breadcrumb","itemListElement":[{"@type":"ListItem","position":1,"name":"Inici","item":"https:\/\/elhogargallego.cat\/es\/"},{"@type":"ListItem","position":2,"name":"Felicitaci\u00f3n del Consejo Comarcal del Maresme"}]},{"@type":"WebSite","@id":"https:\/\/elhogargallego.cat\/es\/#website","url":"https:\/\/elhogargallego.cat\/es\/","name":"El Hogar Gallego","description":"","publisher":{"@id":"https:\/\/elhogargallego.cat\/es\/#organization"},"potentialAction":[{"@type":"SearchAction","target":{"@type":"EntryPoint","urlTemplate":"https:\/\/elhogargallego.cat\/es\/?s={search_term_string}"},"query-input":{"@type":"PropertyValueSpecification","valueRequired":true,"valueName":"search_term_string"}}],"inLanguage":"es"},{"@type":"Organization","@id":"https:\/\/elhogargallego.cat\/es\/#organization","name":"El Hogar Gallego","url":"https:\/\/elhogargallego.cat\/es\/","logo":{"@type":"ImageObject","inLanguage":"es","@id":"https:\/\/elhogargallego.cat\/es\/#\/schema\/logo\/image\/","url":"https:\/\/elhogargallego.cat\/wp-content\/uploads\/2025\/02\/logo50.png","contentUrl":"https:\/\/elhogargallego.cat\/wp-content\/uploads\/2025\/02\/logo50.png","width":150,"height":114,"caption":"El Hogar Gallego"},"image":{"@id":"https:\/\/elhogargallego.cat\/es\/#\/schema\/logo\/image\/"},"sameAs":["https:\/\/www.facebook.com\/ElHogarGallego","http:\/\/instagram.com\/elhogargallego","http:\/\/www.youtube.com\/haciendahogargallego","https:\/\/www.tripadvisor.es\/Restaurant_Review-g580327-d997075-Reviews-El_Hogar_Gallego-Calella_Catalonia.html"]},{"@type":"Person","@id":"https:\/\/elhogargallego.cat\/es\/#\/schema\/person\/fc9a2cfeef02ab1280ad9fa75619d391","name":"disseny@matarogroc.com","sameAs":["https:\/\/elhogargallego.cat\/2022"],"url":"https:\/\/elhogargallego.cat\/es\/author\/dissenymatarogroc-com\/"}]}},"_links":{"self":[{"href":"https:\/\/elhogargallego.cat\/es\/wp-json\/wp\/v2\/posts\/30770"}],"collection":[{"href":"https:\/\/elhogargallego.cat\/es\/wp-json\/wp\/v2\/posts"}],"about":[{"href":"https:\/\/elhogargallego.cat\/es\/wp-json\/wp\/v2\/types\/post"}],"author":[{"embeddable":true,"href":"https:\/\/elhogargallego.cat\/es\/wp-json\/wp\/v2\/users\/1"}],"replies":[{"embeddable":true,"href":"https:\/\/elhogargallego.cat\/es\/wp-json\/wp\/v2\/comments?post=30770"}],"version-history":[{"count":4,"href":"https:\/\/elhogargallego.cat\/es\/wp-json\/wp\/v2\/posts\/30770\/revisions"}],"predecessor-version":[{"id":30817,"href":"https:\/\/elhogargallego.cat\/es\/wp-json\/wp\/v2\/posts\/30770\/revisions\/30817"}],"wp:featuredmedia":[{"embeddable":true,"href":"https:\/\/elhogargallego.cat\/es\/wp-json\/wp\/v2\/media\/30780"}],"wp:attachment":[{"href":"https:\/\/elhogargallego.cat\/es\/wp-json\/wp\/v2\/media?parent=30770"}],"wp:term":[{"taxonomy":"category","embeddable":true,"href":"https:\/\/elhogargallego.cat\/es\/wp-json\/wp\/v2\/categories?post=30770"},{"taxonomy":"post_tag","embeddable":true,"href":"https:\/\/elhogargallego.cat\/es\/wp-json\/wp\/v2\/tags?post=30770"}],"curies":[{"name":"wp","href":"https:\/\/api.w.org\/{rel}","templated":true}]}}