{"id":30768,"date":"2025-08-04T06:45:03","date_gmt":"2025-08-04T06:45:03","guid":{"rendered":"https:\/\/elhogargallego.cat\/felicitacion-de-la-agencia-catalana-de-gastronomia-y-nutricion\/"},"modified":"2025-10-10T08:56:17","modified_gmt":"2025-10-10T08:56:17","slug":"felicitacion-de-la-agencia-catalana-de-gastronomia-y-nutricion","status":"publish","type":"post","link":"https:\/\/elhogargallego.cat\/es\/felicitacion-de-la-agencia-catalana-de-gastronomia-y-nutricion\/","title":{"rendered":"Felicitaci\u00f3n de la Agencia Catalana de Gastronom\u00eda y Nutrici\u00f3n"},"content":{"rendered":"\n<p>Estimada familia Gordillo,<br\/>Desde la Academia Catalana de Gastronom\u00eda y Nutrici\u00f3n, y en nombre propio como presidente, es un honor sumarme a la celebraci\u00f3n del 50 aniversario del restaurante El Hogar Gallego de Calella de Mar, un hito excepcional que merece ser reconocido y puesto en valor como parte destacada del patrimonio gastron\u00f3mico de nuestro pa\u00eds.<\/p>\n\n<p>Hogar Gallego es mucho m\u00e1s que una marisquer\u00eda. Es la historia viva de tres generaciones de una familia que, con vocaci\u00f3n, sacrificio y pasi\u00f3n por la cocina, ha sabido construir una referencia indiscutible en el panorama gastron\u00f3mico catal\u00e1n. Una casa que ha mantenido, a lo largo de d\u00e9cadas y pese a las dificultades propias de los tiempos, un compromiso inalterable con la calidad del producto de mar y con la aut\u00e9ntica hospitalidad.  <\/p>\n\n<p>Desde los inicios humildes con el Bar Los Gallegos, fundado por los abuelos maternos, hasta la apertura de El Hogar Gallego en 1975, y con el relevo impecable por parte de la tercera generaci\u00f3n, este restaurante ha atravesado medio siglo fiel a una identidad propia ya una clientela que le ha correspondido con cari\u00f1o y lealtad. Gu\u00eda Repsol, el prestigio del restaurante es bien conocido por los amantes de la buena cocina, aunque quiz\u00e1s no suficientemente reflejado en los c\u00edrculos medi\u00e1ticos que a menudo olvidan los hitos que nacen de la constancia y la discreci\u00f3n. <\/p>\n\n<p>En un momento en que Catalu\u00f1a ha sido reconocida como Regi\u00f3n Mundial de la Gastronom\u00eda, establecimientos como El Hogar Gallego son una expresi\u00f3n genuina e inspiradora. Su trayectoria consolida los valores que definen nuestra cocina: el respeto por el producto de proximidad, el di\u00e1logo entre tradici\u00f3n y modernidad, y la vocaci\u00f3n de servicio a la en todo el mundo.  <\/p>\n\n<p>Es por eso que desde la Academia, queremos expresar nuestro m\u00e1s sincero reconocimiento a su trayectoria. Celebramos no s\u00f3lo los 50 a\u00f1os de historia, sino los valores que ha sabido preservar y transmitir: arraigo, excelencia, honestidad gastron\u00f3mica y orgullo de profesi\u00f3n. <\/p>\n\n<p>Por muchos a\u00f1os m\u00e1s de El Hogar Gallego. Que esta celebraci\u00f3n sea el preludio de un nuevo cap\u00edtulo tan memorable como el camino recorrido. <\/p>\n\n<p>Con toda la admiraci\u00f3n y cari\u00f1o,<br\/>Carles Vilarrub\u00ed y Carri\u00f3<\/p>\n","protected":false},"excerpt":{"rendered":"<p>Estimada familia Gordillo,Desde la Academia Catalana de Gastronom\u00eda y Nutrici\u00f3n, y en nombre propio como presidente, es un honor sumarme a la celebraci\u00f3n del 50 aniversario del restaurante El Hogar Gallego de Calella de Mar, un hito excepcional que merece ser reconocido y puesto en valor como parte destacada del patrimonio gastron\u00f3mico de nuestro pa\u00eds. [&hellip;]<\/p>\n","protected":false},"author":1,"featured_media":30783,"comment_status":"closed","ping_status":"closed","sticky":false,"template":"","format":"standard","meta":{"footnotes":""},"categories":[15,16],"tags":[],"class_list":["post-30768","post","type-post","status-publish","format-standard","has-post-thumbnail","hentry","category-destacado","category-noticias"],"yoast_head":"<!-- This site is optimized with the Yoast SEO plugin v23.7 - https:\/\/yoast.com\/wordpress\/plugins\/seo\/ -->\n<title>Felicitaci\u00f3n de la Agencia Catalana de Gastronom\u00eda y Nutrici\u00f3n - El Hogar Gallego<\/title>\n<meta name=\"robots\" content=\"index, follow, max-snippet:-1, max-image-preview:large, max-video-preview:-1\" \/>\n<link rel=\"canonical\" href=\"https:\/\/elhogargallego.cat\/es\/felicitacion-de-la-agencia-catalana-de-gastronomia-y-nutricion\/\" \/>\n<meta property=\"og:locale\" content=\"es_ES\" \/>\n<meta property=\"og:type\" content=\"article\" \/>\n<meta property=\"og:title\" content=\"Felicitaci\u00f3n de la Agencia Catalana de Gastronom\u00eda y Nutrici\u00f3n - El Hogar Gallego\" \/>\n<meta property=\"og:description\" content=\"Estimada familia Gordillo,Desde la Academia Catalana de Gastronom\u00eda y Nutrici\u00f3n, y en nombre propio como presidente, es un honor sumarme a la celebraci\u00f3n del 50 aniversario del restaurante El Hogar Gallego de Calella de Mar, un hito excepcional que merece ser reconocido y puesto en valor como parte destacada del patrimonio gastron\u00f3mico de nuestro pa\u00eds. [&hellip;]\" \/>\n<meta property=\"og:url\" content=\"https:\/\/elhogargallego.cat\/es\/felicitacion-de-la-agencia-catalana-de-gastronomia-y-nutricion\/\" \/>\n<meta property=\"og:site_name\" content=\"El Hogar Gallego\" \/>\n<meta property=\"article:publisher\" content=\"https:\/\/www.facebook.com\/ElHogarGallego\" \/>\n<meta property=\"article:published_time\" content=\"2025-08-04T06:45:03+00:00\" \/>\n<meta property=\"article:modified_time\" content=\"2025-10-10T08:56:17+00:00\" \/>\n<meta property=\"og:image\" content=\"https:\/\/elhogargallego.cat\/wp-content\/uploads\/2025\/08\/academia-catalana-gastronomia-i-nutricio.jpg\" \/>\n\t<meta property=\"og:image:width\" content=\"600\" \/>\n\t<meta property=\"og:image:height\" content=\"218\" \/>\n\t<meta property=\"og:image:type\" content=\"image\/jpeg\" \/>\n<meta name=\"author\" content=\"disseny@matarogroc.com\" \/>\n<meta name=\"twitter:card\" content=\"summary_large_image\" \/>\n<meta name=\"twitter:label1\" content=\"Escrito por\" \/>\n\t<meta name=\"twitter:data1\" content=\"disseny@matarogroc.com\" \/>\n\t<meta name=\"twitter:label2\" content=\"Tiempo de lectura\" \/>\n\t<meta name=\"twitter:data2\" content=\"2 minutos\" \/>\n<script type=\"application\/ld+json\" class=\"yoast-schema-graph\">{\"@context\":\"https:\/\/schema.org\",\"@graph\":[{\"@type\":\"Article\",\"@id\":\"https:\/\/elhogargallego.cat\/es\/felicitacion-de-la-agencia-catalana-de-gastronomia-y-nutricion\/#article\",\"isPartOf\":{\"@id\":\"https:\/\/elhogargallego.cat\/es\/felicitacion-de-la-agencia-catalana-de-gastronomia-y-nutricion\/\"},\"author\":{\"name\":\"disseny@matarogroc.com\",\"@id\":\"https:\/\/elhogargallego.cat\/es\/#\/schema\/person\/fc9a2cfeef02ab1280ad9fa75619d391\"},\"headline\":\"Felicitaci\u00f3n de la Agencia Catalana de Gastronom\u00eda y Nutrici\u00f3n\",\"datePublished\":\"2025-08-04T06:45:03+00:00\",\"dateModified\":\"2025-10-10T08:56:17+00:00\",\"mainEntityOfPage\":{\"@id\":\"https:\/\/elhogargallego.cat\/es\/felicitacion-de-la-agencia-catalana-de-gastronomia-y-nutricion\/\"},\"wordCount\":404,\"publisher\":{\"@id\":\"https:\/\/elhogargallego.cat\/es\/#organization\"},\"image\":{\"@id\":\"https:\/\/elhogargallego.cat\/es\/felicitacion-de-la-agencia-catalana-de-gastronomia-y-nutricion\/#primaryimage\"},\"thumbnailUrl\":\"https:\/\/elhogargallego.cat\/wp-content\/uploads\/2025\/08\/academia-catalana-gastronomia-i-nutricio.jpg\",\"articleSection\":[\"Destacado Home\",\"Noticias\"],\"inLanguage\":\"es\"},{\"@type\":\"WebPage\",\"@id\":\"https:\/\/elhogargallego.cat\/es\/felicitacion-de-la-agencia-catalana-de-gastronomia-y-nutricion\/\",\"url\":\"https:\/\/elhogargallego.cat\/es\/felicitacion-de-la-agencia-catalana-de-gastronomia-y-nutricion\/\",\"name\":\"Felicitaci\u00f3n de la Agencia Catalana de Gastronom\u00eda y Nutrici\u00f3n - El Hogar Gallego\",\"isPartOf\":{\"@id\":\"https:\/\/elhogargallego.cat\/es\/#website\"},\"primaryImageOfPage\":{\"@id\":\"https:\/\/elhogargallego.cat\/es\/felicitacion-de-la-agencia-catalana-de-gastronomia-y-nutricion\/#primaryimage\"},\"image\":{\"@id\":\"https:\/\/elhogargallego.cat\/es\/felicitacion-de-la-agencia-catalana-de-gastronomia-y-nutricion\/#primaryimage\"},\"thumbnailUrl\":\"https:\/\/elhogargallego.cat\/wp-content\/uploads\/2025\/08\/academia-catalana-gastronomia-i-nutricio.jpg\",\"datePublished\":\"2025-08-04T06:45:03+00:00\",\"dateModified\":\"2025-10-10T08:56:17+00:00\",\"breadcrumb\":{\"@id\":\"https:\/\/elhogargallego.cat\/es\/felicitacion-de-la-agencia-catalana-de-gastronomia-y-nutricion\/#breadcrumb\"},\"inLanguage\":\"es\",\"potentialAction\":[{\"@type\":\"ReadAction\",\"target\":[\"https:\/\/elhogargallego.cat\/es\/felicitacion-de-la-agencia-catalana-de-gastronomia-y-nutricion\/\"]}]},{\"@type\":\"ImageObject\",\"inLanguage\":\"es\",\"@id\":\"https:\/\/elhogargallego.cat\/es\/felicitacion-de-la-agencia-catalana-de-gastronomia-y-nutricion\/#primaryimage\",\"url\":\"https:\/\/elhogargallego.cat\/wp-content\/uploads\/2025\/08\/academia-catalana-gastronomia-i-nutricio.jpg\",\"contentUrl\":\"https:\/\/elhogargallego.cat\/wp-content\/uploads\/2025\/08\/academia-catalana-gastronomia-i-nutricio.jpg\",\"width\":600,\"height\":218},{\"@type\":\"BreadcrumbList\",\"@id\":\"https:\/\/elhogargallego.cat\/es\/felicitacion-de-la-agencia-catalana-de-gastronomia-y-nutricion\/#breadcrumb\",\"itemListElement\":[{\"@type\":\"ListItem\",\"position\":1,\"name\":\"Inici\",\"item\":\"https:\/\/elhogargallego.cat\/es\/\"},{\"@type\":\"ListItem\",\"position\":2,\"name\":\"Felicitaci\u00f3n de la Agencia Catalana de Gastronom\u00eda y Nutrici\u00f3n\"}]},{\"@type\":\"WebSite\",\"@id\":\"https:\/\/elhogargallego.cat\/es\/#website\",\"url\":\"https:\/\/elhogargallego.cat\/es\/\",\"name\":\"El Hogar Gallego\",\"description\":\"\",\"publisher\":{\"@id\":\"https:\/\/elhogargallego.cat\/es\/#organization\"},\"potentialAction\":[{\"@type\":\"SearchAction\",\"target\":{\"@type\":\"EntryPoint\",\"urlTemplate\":\"https:\/\/elhogargallego.cat\/es\/?s={search_term_string}\"},\"query-input\":{\"@type\":\"PropertyValueSpecification\",\"valueRequired\":true,\"valueName\":\"search_term_string\"}}],\"inLanguage\":\"es\"},{\"@type\":\"Organization\",\"@id\":\"https:\/\/elhogargallego.cat\/es\/#organization\",\"name\":\"El Hogar Gallego\",\"url\":\"https:\/\/elhogargallego.cat\/es\/\",\"logo\":{\"@type\":\"ImageObject\",\"inLanguage\":\"es\",\"@id\":\"https:\/\/elhogargallego.cat\/es\/#\/schema\/logo\/image\/\",\"url\":\"https:\/\/elhogargallego.cat\/wp-content\/uploads\/2025\/02\/logo50.png\",\"contentUrl\":\"https:\/\/elhogargallego.cat\/wp-content\/uploads\/2025\/02\/logo50.png\",\"width\":150,\"height\":114,\"caption\":\"El Hogar Gallego\"},\"image\":{\"@id\":\"https:\/\/elhogargallego.cat\/es\/#\/schema\/logo\/image\/\"},\"sameAs\":[\"https:\/\/www.facebook.com\/ElHogarGallego\",\"http:\/\/instagram.com\/elhogargallego\",\"http:\/\/www.youtube.com\/haciendahogargallego\",\"https:\/\/www.tripadvisor.es\/Restaurant_Review-g580327-d997075-Reviews-El_Hogar_Gallego-Calella_Catalonia.html\"]},{\"@type\":\"Person\",\"@id\":\"https:\/\/elhogargallego.cat\/es\/#\/schema\/person\/fc9a2cfeef02ab1280ad9fa75619d391\",\"name\":\"disseny@matarogroc.com\",\"sameAs\":[\"https:\/\/elhogargallego.cat\/2022\"],\"url\":\"https:\/\/elhogargallego.cat\/es\/author\/dissenymatarogroc-com\/\"}]}<\/script>\n<!-- \/ Yoast SEO plugin. -->","yoast_head_json":{"title":"Felicitaci\u00f3n de la Agencia Catalana de Gastronom\u00eda y Nutrici\u00f3n - El Hogar Gallego","robots":{"index":"index","follow":"follow","max-snippet":"max-snippet:-1","max-image-preview":"max-image-preview:large","max-video-preview":"max-video-preview:-1"},"canonical":"https:\/\/elhogargallego.cat\/es\/felicitacion-de-la-agencia-catalana-de-gastronomia-y-nutricion\/","og_locale":"es_ES","og_type":"article","og_title":"Felicitaci\u00f3n de la Agencia Catalana de Gastronom\u00eda y Nutrici\u00f3n - El Hogar Gallego","og_description":"Estimada familia Gordillo,Desde la Academia Catalana de Gastronom\u00eda y Nutrici\u00f3n, y en nombre propio como presidente, es un honor sumarme a la celebraci\u00f3n del 50 aniversario del restaurante El Hogar Gallego de Calella de Mar, un hito excepcional que merece ser reconocido y puesto en valor como parte destacada del patrimonio gastron\u00f3mico de nuestro pa\u00eds. [&hellip;]","og_url":"https:\/\/elhogargallego.cat\/es\/felicitacion-de-la-agencia-catalana-de-gastronomia-y-nutricion\/","og_site_name":"El Hogar Gallego","article_publisher":"https:\/\/www.facebook.com\/ElHogarGallego","article_published_time":"2025-08-04T06:45:03+00:00","article_modified_time":"2025-10-10T08:56:17+00:00","og_image":[{"width":600,"height":218,"url":"https:\/\/elhogargallego.cat\/wp-content\/uploads\/2025\/08\/academia-catalana-gastronomia-i-nutricio.jpg","type":"image\/jpeg"}],"author":"disseny@matarogroc.com","twitter_card":"summary_large_image","twitter_misc":{"Escrito por":"disseny@matarogroc.com","Tiempo de lectura":"2 minutos"},"schema":{"@context":"https:\/\/schema.org","@graph":[{"@type":"Article","@id":"https:\/\/elhogargallego.cat\/es\/felicitacion-de-la-agencia-catalana-de-gastronomia-y-nutricion\/#article","isPartOf":{"@id":"https:\/\/elhogargallego.cat\/es\/felicitacion-de-la-agencia-catalana-de-gastronomia-y-nutricion\/"},"author":{"name":"disseny@matarogroc.com","@id":"https:\/\/elhogargallego.cat\/es\/#\/schema\/person\/fc9a2cfeef02ab1280ad9fa75619d391"},"headline":"Felicitaci\u00f3n de la Agencia Catalana de Gastronom\u00eda y Nutrici\u00f3n","datePublished":"2025-08-04T06:45:03+00:00","dateModified":"2025-10-10T08:56:17+00:00","mainEntityOfPage":{"@id":"https:\/\/elhogargallego.cat\/es\/felicitacion-de-la-agencia-catalana-de-gastronomia-y-nutricion\/"},"wordCount":404,"publisher":{"@id":"https:\/\/elhogargallego.cat\/es\/#organization"},"image":{"@id":"https:\/\/elhogargallego.cat\/es\/felicitacion-de-la-agencia-catalana-de-gastronomia-y-nutricion\/#primaryimage"},"thumbnailUrl":"https:\/\/elhogargallego.cat\/wp-content\/uploads\/2025\/08\/academia-catalana-gastronomia-i-nutricio.jpg","articleSection":["Destacado Home","Noticias"],"inLanguage":"es"},{"@type":"WebPage","@id":"https:\/\/elhogargallego.cat\/es\/felicitacion-de-la-agencia-catalana-de-gastronomia-y-nutricion\/","url":"https:\/\/elhogargallego.cat\/es\/felicitacion-de-la-agencia-catalana-de-gastronomia-y-nutricion\/","name":"Felicitaci\u00f3n de la Agencia Catalana de Gastronom\u00eda y Nutrici\u00f3n - El Hogar Gallego","isPartOf":{"@id":"https:\/\/elhogargallego.cat\/es\/#website"},"primaryImageOfPage":{"@id":"https:\/\/elhogargallego.cat\/es\/felicitacion-de-la-agencia-catalana-de-gastronomia-y-nutricion\/#primaryimage"},"image":{"@id":"https:\/\/elhogargallego.cat\/es\/felicitacion-de-la-agencia-catalana-de-gastronomia-y-nutricion\/#primaryimage"},"thumbnailUrl":"https:\/\/elhogargallego.cat\/wp-content\/uploads\/2025\/08\/academia-catalana-gastronomia-i-nutricio.jpg","datePublished":"2025-08-04T06:45:03+00:00","dateModified":"2025-10-10T08:56:17+00:00","breadcrumb":{"@id":"https:\/\/elhogargallego.cat\/es\/felicitacion-de-la-agencia-catalana-de-gastronomia-y-nutricion\/#breadcrumb"},"inLanguage":"es","potentialAction":[{"@type":"ReadAction","target":["https:\/\/elhogargallego.cat\/es\/felicitacion-de-la-agencia-catalana-de-gastronomia-y-nutricion\/"]}]},{"@type":"ImageObject","inLanguage":"es","@id":"https:\/\/elhogargallego.cat\/es\/felicitacion-de-la-agencia-catalana-de-gastronomia-y-nutricion\/#primaryimage","url":"https:\/\/elhogargallego.cat\/wp-content\/uploads\/2025\/08\/academia-catalana-gastronomia-i-nutricio.jpg","contentUrl":"https:\/\/elhogargallego.cat\/wp-content\/uploads\/2025\/08\/academia-catalana-gastronomia-i-nutricio.jpg","width":600,"height":218},{"@type":"BreadcrumbList","@id":"https:\/\/elhogargallego.cat\/es\/felicitacion-de-la-agencia-catalana-de-gastronomia-y-nutricion\/#breadcrumb","itemListElement":[{"@type":"ListItem","position":1,"name":"Inici","item":"https:\/\/elhogargallego.cat\/es\/"},{"@type":"ListItem","position":2,"name":"Felicitaci\u00f3n de la Agencia Catalana de Gastronom\u00eda y Nutrici\u00f3n"}]},{"@type":"WebSite","@id":"https:\/\/elhogargallego.cat\/es\/#website","url":"https:\/\/elhogargallego.cat\/es\/","name":"El Hogar Gallego","description":"","publisher":{"@id":"https:\/\/elhogargallego.cat\/es\/#organization"},"potentialAction":[{"@type":"SearchAction","target":{"@type":"EntryPoint","urlTemplate":"https:\/\/elhogargallego.cat\/es\/?s={search_term_string}"},"query-input":{"@type":"PropertyValueSpecification","valueRequired":true,"valueName":"search_term_string"}}],"inLanguage":"es"},{"@type":"Organization","@id":"https:\/\/elhogargallego.cat\/es\/#organization","name":"El Hogar Gallego","url":"https:\/\/elhogargallego.cat\/es\/","logo":{"@type":"ImageObject","inLanguage":"es","@id":"https:\/\/elhogargallego.cat\/es\/#\/schema\/logo\/image\/","url":"https:\/\/elhogargallego.cat\/wp-content\/uploads\/2025\/02\/logo50.png","contentUrl":"https:\/\/elhogargallego.cat\/wp-content\/uploads\/2025\/02\/logo50.png","width":150,"height":114,"caption":"El Hogar Gallego"},"image":{"@id":"https:\/\/elhogargallego.cat\/es\/#\/schema\/logo\/image\/"},"sameAs":["https:\/\/www.facebook.com\/ElHogarGallego","http:\/\/instagram.com\/elhogargallego","http:\/\/www.youtube.com\/haciendahogargallego","https:\/\/www.tripadvisor.es\/Restaurant_Review-g580327-d997075-Reviews-El_Hogar_Gallego-Calella_Catalonia.html"]},{"@type":"Person","@id":"https:\/\/elhogargallego.cat\/es\/#\/schema\/person\/fc9a2cfeef02ab1280ad9fa75619d391","name":"disseny@matarogroc.com","sameAs":["https:\/\/elhogargallego.cat\/2022"],"url":"https:\/\/elhogargallego.cat\/es\/author\/dissenymatarogroc-com\/"}]}},"_links":{"self":[{"href":"https:\/\/elhogargallego.cat\/es\/wp-json\/wp\/v2\/posts\/30768"}],"collection":[{"href":"https:\/\/elhogargallego.cat\/es\/wp-json\/wp\/v2\/posts"}],"about":[{"href":"https:\/\/elhogargallego.cat\/es\/wp-json\/wp\/v2\/types\/post"}],"author":[{"embeddable":true,"href":"https:\/\/elhogargallego.cat\/es\/wp-json\/wp\/v2\/users\/1"}],"replies":[{"embeddable":true,"href":"https:\/\/elhogargallego.cat\/es\/wp-json\/wp\/v2\/comments?post=30768"}],"version-history":[{"count":4,"href":"https:\/\/elhogargallego.cat\/es\/wp-json\/wp\/v2\/posts\/30768\/revisions"}],"predecessor-version":[{"id":30805,"href":"https:\/\/elhogargallego.cat\/es\/wp-json\/wp\/v2\/posts\/30768\/revisions\/30805"}],"wp:featuredmedia":[{"embeddable":true,"href":"https:\/\/elhogargallego.cat\/es\/wp-json\/wp\/v2\/media\/30783"}],"wp:attachment":[{"href":"https:\/\/elhogargallego.cat\/es\/wp-json\/wp\/v2\/media?parent=30768"}],"wp:term":[{"taxonomy":"category","embeddable":true,"href":"https:\/\/elhogargallego.cat\/es\/wp-json\/wp\/v2\/categories?post=30768"},{"taxonomy":"post_tag","embeddable":true,"href":"https:\/\/elhogargallego.cat\/es\/wp-json\/wp\/v2\/tags?post=30768"}],"curies":[{"name":"wp","href":"https:\/\/api.w.org\/{rel}","templated":true}]}}