{"id":30766,"date":"2025-08-04T06:41:36","date_gmt":"2025-08-04T06:41:36","guid":{"rendered":"https:\/\/elhogargallego.cat\/medalla-al-merito-turistico\/"},"modified":"2025-10-10T08:56:04","modified_gmt":"2025-10-10T08:56:04","slug":"medalla-al-merito-turistico","status":"publish","type":"post","link":"https:\/\/elhogargallego.cat\/es\/medalla-al-merito-turistico\/","title":{"rendered":"Medalla al M\u00e9rito Tur\u00edstico"},"content":{"rendered":"\n<p>Momento para el recuerdo en el Palau de la Generalitat: en 1992, Antonio Gordillo recib\u00eda la Medalla al M\u00e9rito Tur\u00edstico de manos del presidente Jordi Pujol, reconocimiento a la dedicaci\u00f3n y trayectoria de El Hogar Gallego. Este 2025 celebramos 50 a\u00f1os de cocina honesta y excelencia familiar. Desde el Diploma Tur\u00edstico hasta el Sol de la Gu\u00eda Repsol \u2014renovado cada a\u00f1o desde 2013\u2014 y la placa de Recomendado por la Gu\u00eda Michelin, tambi\u00e9n desde 2013, El Hogar Gallego es orgullo de Calella y referente gastron\u00f3mico del Maresme.  <\/p>\n","protected":false},"excerpt":{"rendered":"<p>Momento para el recuerdo en el Palau de la Generalitat: en 1992, Antonio Gordillo recib\u00eda la Medalla al M\u00e9rito Tur\u00edstico de manos del presidente Jordi Pujol, reconocimiento a la dedicaci\u00f3n y trayectoria de El Hogar Gallego. Este 2025 celebramos 50 a\u00f1os de cocina honesta y excelencia familiar. Desde el Diploma Tur\u00edstico hasta el Sol de [&hellip;]<\/p>\n","protected":false},"author":1,"featured_media":30751,"comment_status":"closed","ping_status":"closed","sticky":false,"template":"","format":"standard","meta":{"footnotes":""},"categories":[15,16],"tags":[186,185,176,178,177,180,179,182,184,183,181],"class_list":["post-30766","post","type-post","status-publish","format-standard","has-post-thumbnail","hentry","category-destacado","category-noticias","tag-50anos","tag-antoniogordillo-es","tag-calella-es","tag-elhogargallego-es","tag-elhogargallegocalelladelacosta-es","tag-elhogargallegodecalella-es","tag-elhogargallegorestaurante","tag-gastronomiacatalana-es","tag-guiamichelin-es","tag-guiarepsol-es","tag-medallaalmeritoturistico"],"yoast_head":"<!-- This site is optimized with the Yoast SEO plugin v23.7 - https:\/\/yoast.com\/wordpress\/plugins\/seo\/ -->\n<title>Medalla al M\u00e9rito Tur\u00edstico - El Hogar Gallego<\/title>\n<meta name=\"robots\" content=\"index, follow, max-snippet:-1, max-image-preview:large, max-video-preview:-1\" \/>\n<link rel=\"canonical\" href=\"https:\/\/elhogargallego.cat\/es\/medalla-al-merito-turistico\/\" \/>\n<meta property=\"og:locale\" content=\"es_ES\" \/>\n<meta property=\"og:type\" content=\"article\" \/>\n<meta property=\"og:title\" content=\"Medalla al M\u00e9rito Tur\u00edstico - El Hogar Gallego\" \/>\n<meta property=\"og:description\" content=\"Momento para el recuerdo en el Palau de la Generalitat: en 1992, Antonio Gordillo recib\u00eda la Medalla al M\u00e9rito Tur\u00edstico de manos del presidente Jordi Pujol, reconocimiento a la dedicaci\u00f3n y trayectoria de El Hogar Gallego. Este 2025 celebramos 50 a\u00f1os de cocina honesta y excelencia familiar. Desde el Diploma Tur\u00edstico hasta el Sol de [&hellip;]\" \/>\n<meta property=\"og:url\" content=\"https:\/\/elhogargallego.cat\/es\/medalla-al-merito-turistico\/\" \/>\n<meta property=\"og:site_name\" content=\"El Hogar Gallego\" \/>\n<meta property=\"article:publisher\" content=\"https:\/\/www.facebook.com\/ElHogarGallego\" \/>\n<meta property=\"article:published_time\" content=\"2025-08-04T06:41:36+00:00\" \/>\n<meta property=\"article:modified_time\" content=\"2025-10-10T08:56:04+00:00\" \/>\n<meta property=\"og:image\" content=\"https:\/\/elhogargallego.cat\/wp-content\/uploads\/2025\/08\/WhatsApp-Image-2025-08-04-at-08.34.00.jpeg\" \/>\n\t<meta property=\"og:image:width\" content=\"2048\" \/>\n\t<meta property=\"og:image:height\" content=\"1536\" \/>\n\t<meta property=\"og:image:type\" content=\"image\/jpeg\" \/>\n<meta name=\"author\" content=\"disseny@matarogroc.com\" \/>\n<meta name=\"twitter:card\" content=\"summary_large_image\" \/>\n<meta name=\"twitter:label1\" content=\"Escrito por\" \/>\n\t<meta name=\"twitter:data1\" content=\"disseny@matarogroc.com\" \/>\n<script type=\"application\/ld+json\" class=\"yoast-schema-graph\">{\"@context\":\"https:\/\/schema.org\",\"@graph\":[{\"@type\":\"Article\",\"@id\":\"https:\/\/elhogargallego.cat\/es\/medalla-al-merito-turistico\/#article\",\"isPartOf\":{\"@id\":\"https:\/\/elhogargallego.cat\/es\/medalla-al-merito-turistico\/\"},\"author\":{\"name\":\"disseny@matarogroc.com\",\"@id\":\"https:\/\/elhogargallego.cat\/es\/#\/schema\/person\/fc9a2cfeef02ab1280ad9fa75619d391\"},\"headline\":\"Medalla al M\u00e9rito Tur\u00edstico\",\"datePublished\":\"2025-08-04T06:41:36+00:00\",\"dateModified\":\"2025-10-10T08:56:04+00:00\",\"mainEntityOfPage\":{\"@id\":\"https:\/\/elhogargallego.cat\/es\/medalla-al-merito-turistico\/\"},\"wordCount\":99,\"publisher\":{\"@id\":\"https:\/\/elhogargallego.cat\/es\/#organization\"},\"image\":{\"@id\":\"https:\/\/elhogargallego.cat\/es\/medalla-al-merito-turistico\/#primaryimage\"},\"thumbnailUrl\":\"https:\/\/elhogargallego.cat\/wp-content\/uploads\/2025\/08\/WhatsApp-Image-2025-08-04-at-08.34.00.jpeg\",\"keywords\":[\"50a\u00f1os\",\"AntonioGordillo\",\"Calella\",\"elhogargallego\",\"elhogargallegocalelladelacosta\",\"elhogargallegodecalella\",\"elhogargallegorestaurante\",\"GastronomiaCatalana\",\"GuiaMichelin\",\"GuiaRepsol\",\"MedallaAlM\u00e9ritoTur\u00edstico\"],\"articleSection\":[\"Destacado Home\",\"Noticias\"],\"inLanguage\":\"es\"},{\"@type\":\"WebPage\",\"@id\":\"https:\/\/elhogargallego.cat\/es\/medalla-al-merito-turistico\/\",\"url\":\"https:\/\/elhogargallego.cat\/es\/medalla-al-merito-turistico\/\",\"name\":\"Medalla al M\u00e9rito Tur\u00edstico - El Hogar Gallego\",\"isPartOf\":{\"@id\":\"https:\/\/elhogargallego.cat\/es\/#website\"},\"primaryImageOfPage\":{\"@id\":\"https:\/\/elhogargallego.cat\/es\/medalla-al-merito-turistico\/#primaryimage\"},\"image\":{\"@id\":\"https:\/\/elhogargallego.cat\/es\/medalla-al-merito-turistico\/#primaryimage\"},\"thumbnailUrl\":\"https:\/\/elhogargallego.cat\/wp-content\/uploads\/2025\/08\/WhatsApp-Image-2025-08-04-at-08.34.00.jpeg\",\"datePublished\":\"2025-08-04T06:41:36+00:00\",\"dateModified\":\"2025-10-10T08:56:04+00:00\",\"breadcrumb\":{\"@id\":\"https:\/\/elhogargallego.cat\/es\/medalla-al-merito-turistico\/#breadcrumb\"},\"inLanguage\":\"es\",\"potentialAction\":[{\"@type\":\"ReadAction\",\"target\":[\"https:\/\/elhogargallego.cat\/es\/medalla-al-merito-turistico\/\"]}]},{\"@type\":\"ImageObject\",\"inLanguage\":\"es\",\"@id\":\"https:\/\/elhogargallego.cat\/es\/medalla-al-merito-turistico\/#primaryimage\",\"url\":\"https:\/\/elhogargallego.cat\/wp-content\/uploads\/2025\/08\/WhatsApp-Image-2025-08-04-at-08.34.00.jpeg\",\"contentUrl\":\"https:\/\/elhogargallego.cat\/wp-content\/uploads\/2025\/08\/WhatsApp-Image-2025-08-04-at-08.34.00.jpeg\",\"width\":2048,\"height\":1536},{\"@type\":\"BreadcrumbList\",\"@id\":\"https:\/\/elhogargallego.cat\/es\/medalla-al-merito-turistico\/#breadcrumb\",\"itemListElement\":[{\"@type\":\"ListItem\",\"position\":1,\"name\":\"Inici\",\"item\":\"https:\/\/elhogargallego.cat\/es\/\"},{\"@type\":\"ListItem\",\"position\":2,\"name\":\"Medalla al M\u00e9rito Tur\u00edstico\"}]},{\"@type\":\"WebSite\",\"@id\":\"https:\/\/elhogargallego.cat\/es\/#website\",\"url\":\"https:\/\/elhogargallego.cat\/es\/\",\"name\":\"El Hogar Gallego\",\"description\":\"\",\"publisher\":{\"@id\":\"https:\/\/elhogargallego.cat\/es\/#organization\"},\"potentialAction\":[{\"@type\":\"SearchAction\",\"target\":{\"@type\":\"EntryPoint\",\"urlTemplate\":\"https:\/\/elhogargallego.cat\/es\/?s={search_term_string}\"},\"query-input\":{\"@type\":\"PropertyValueSpecification\",\"valueRequired\":true,\"valueName\":\"search_term_string\"}}],\"inLanguage\":\"es\"},{\"@type\":\"Organization\",\"@id\":\"https:\/\/elhogargallego.cat\/es\/#organization\",\"name\":\"El Hogar Gallego\",\"url\":\"https:\/\/elhogargallego.cat\/es\/\",\"logo\":{\"@type\":\"ImageObject\",\"inLanguage\":\"es\",\"@id\":\"https:\/\/elhogargallego.cat\/es\/#\/schema\/logo\/image\/\",\"url\":\"https:\/\/elhogargallego.cat\/wp-content\/uploads\/2025\/02\/logo50.png\",\"contentUrl\":\"https:\/\/elhogargallego.cat\/wp-content\/uploads\/2025\/02\/logo50.png\",\"width\":150,\"height\":114,\"caption\":\"El Hogar Gallego\"},\"image\":{\"@id\":\"https:\/\/elhogargallego.cat\/es\/#\/schema\/logo\/image\/\"},\"sameAs\":[\"https:\/\/www.facebook.com\/ElHogarGallego\",\"http:\/\/instagram.com\/elhogargallego\",\"http:\/\/www.youtube.com\/haciendahogargallego\",\"https:\/\/www.tripadvisor.es\/Restaurant_Review-g580327-d997075-Reviews-El_Hogar_Gallego-Calella_Catalonia.html\"]},{\"@type\":\"Person\",\"@id\":\"https:\/\/elhogargallego.cat\/es\/#\/schema\/person\/fc9a2cfeef02ab1280ad9fa75619d391\",\"name\":\"disseny@matarogroc.com\",\"sameAs\":[\"https:\/\/elhogargallego.cat\/2022\"],\"url\":\"https:\/\/elhogargallego.cat\/es\/author\/dissenymatarogroc-com\/\"}]}<\/script>\n<!-- \/ Yoast SEO plugin. -->","yoast_head_json":{"title":"Medalla al M\u00e9rito Tur\u00edstico - El Hogar Gallego","robots":{"index":"index","follow":"follow","max-snippet":"max-snippet:-1","max-image-preview":"max-image-preview:large","max-video-preview":"max-video-preview:-1"},"canonical":"https:\/\/elhogargallego.cat\/es\/medalla-al-merito-turistico\/","og_locale":"es_ES","og_type":"article","og_title":"Medalla al M\u00e9rito Tur\u00edstico - El Hogar Gallego","og_description":"Momento para el recuerdo en el Palau de la Generalitat: en 1992, Antonio Gordillo recib\u00eda la Medalla al M\u00e9rito Tur\u00edstico de manos del presidente Jordi Pujol, reconocimiento a la dedicaci\u00f3n y trayectoria de El Hogar Gallego. Este 2025 celebramos 50 a\u00f1os de cocina honesta y excelencia familiar. Desde el Diploma Tur\u00edstico hasta el Sol de [&hellip;]","og_url":"https:\/\/elhogargallego.cat\/es\/medalla-al-merito-turistico\/","og_site_name":"El Hogar Gallego","article_publisher":"https:\/\/www.facebook.com\/ElHogarGallego","article_published_time":"2025-08-04T06:41:36+00:00","article_modified_time":"2025-10-10T08:56:04+00:00","og_image":[{"width":2048,"height":1536,"url":"https:\/\/elhogargallego.cat\/wp-content\/uploads\/2025\/08\/WhatsApp-Image-2025-08-04-at-08.34.00.jpeg","type":"image\/jpeg"}],"author":"disseny@matarogroc.com","twitter_card":"summary_large_image","twitter_misc":{"Escrito por":"disseny@matarogroc.com"},"schema":{"@context":"https:\/\/schema.org","@graph":[{"@type":"Article","@id":"https:\/\/elhogargallego.cat\/es\/medalla-al-merito-turistico\/#article","isPartOf":{"@id":"https:\/\/elhogargallego.cat\/es\/medalla-al-merito-turistico\/"},"author":{"name":"disseny@matarogroc.com","@id":"https:\/\/elhogargallego.cat\/es\/#\/schema\/person\/fc9a2cfeef02ab1280ad9fa75619d391"},"headline":"Medalla al M\u00e9rito Tur\u00edstico","datePublished":"2025-08-04T06:41:36+00:00","dateModified":"2025-10-10T08:56:04+00:00","mainEntityOfPage":{"@id":"https:\/\/elhogargallego.cat\/es\/medalla-al-merito-turistico\/"},"wordCount":99,"publisher":{"@id":"https:\/\/elhogargallego.cat\/es\/#organization"},"image":{"@id":"https:\/\/elhogargallego.cat\/es\/medalla-al-merito-turistico\/#primaryimage"},"thumbnailUrl":"https:\/\/elhogargallego.cat\/wp-content\/uploads\/2025\/08\/WhatsApp-Image-2025-08-04-at-08.34.00.jpeg","keywords":["50a\u00f1os","AntonioGordillo","Calella","elhogargallego","elhogargallegocalelladelacosta","elhogargallegodecalella","elhogargallegorestaurante","GastronomiaCatalana","GuiaMichelin","GuiaRepsol","MedallaAlM\u00e9ritoTur\u00edstico"],"articleSection":["Destacado Home","Noticias"],"inLanguage":"es"},{"@type":"WebPage","@id":"https:\/\/elhogargallego.cat\/es\/medalla-al-merito-turistico\/","url":"https:\/\/elhogargallego.cat\/es\/medalla-al-merito-turistico\/","name":"Medalla al M\u00e9rito Tur\u00edstico - El Hogar Gallego","isPartOf":{"@id":"https:\/\/elhogargallego.cat\/es\/#website"},"primaryImageOfPage":{"@id":"https:\/\/elhogargallego.cat\/es\/medalla-al-merito-turistico\/#primaryimage"},"image":{"@id":"https:\/\/elhogargallego.cat\/es\/medalla-al-merito-turistico\/#primaryimage"},"thumbnailUrl":"https:\/\/elhogargallego.cat\/wp-content\/uploads\/2025\/08\/WhatsApp-Image-2025-08-04-at-08.34.00.jpeg","datePublished":"2025-08-04T06:41:36+00:00","dateModified":"2025-10-10T08:56:04+00:00","breadcrumb":{"@id":"https:\/\/elhogargallego.cat\/es\/medalla-al-merito-turistico\/#breadcrumb"},"inLanguage":"es","potentialAction":[{"@type":"ReadAction","target":["https:\/\/elhogargallego.cat\/es\/medalla-al-merito-turistico\/"]}]},{"@type":"ImageObject","inLanguage":"es","@id":"https:\/\/elhogargallego.cat\/es\/medalla-al-merito-turistico\/#primaryimage","url":"https:\/\/elhogargallego.cat\/wp-content\/uploads\/2025\/08\/WhatsApp-Image-2025-08-04-at-08.34.00.jpeg","contentUrl":"https:\/\/elhogargallego.cat\/wp-content\/uploads\/2025\/08\/WhatsApp-Image-2025-08-04-at-08.34.00.jpeg","width":2048,"height":1536},{"@type":"BreadcrumbList","@id":"https:\/\/elhogargallego.cat\/es\/medalla-al-merito-turistico\/#breadcrumb","itemListElement":[{"@type":"ListItem","position":1,"name":"Inici","item":"https:\/\/elhogargallego.cat\/es\/"},{"@type":"ListItem","position":2,"name":"Medalla al M\u00e9rito Tur\u00edstico"}]},{"@type":"WebSite","@id":"https:\/\/elhogargallego.cat\/es\/#website","url":"https:\/\/elhogargallego.cat\/es\/","name":"El Hogar Gallego","description":"","publisher":{"@id":"https:\/\/elhogargallego.cat\/es\/#organization"},"potentialAction":[{"@type":"SearchAction","target":{"@type":"EntryPoint","urlTemplate":"https:\/\/elhogargallego.cat\/es\/?s={search_term_string}"},"query-input":{"@type":"PropertyValueSpecification","valueRequired":true,"valueName":"search_term_string"}}],"inLanguage":"es"},{"@type":"Organization","@id":"https:\/\/elhogargallego.cat\/es\/#organization","name":"El Hogar Gallego","url":"https:\/\/elhogargallego.cat\/es\/","logo":{"@type":"ImageObject","inLanguage":"es","@id":"https:\/\/elhogargallego.cat\/es\/#\/schema\/logo\/image\/","url":"https:\/\/elhogargallego.cat\/wp-content\/uploads\/2025\/02\/logo50.png","contentUrl":"https:\/\/elhogargallego.cat\/wp-content\/uploads\/2025\/02\/logo50.png","width":150,"height":114,"caption":"El Hogar Gallego"},"image":{"@id":"https:\/\/elhogargallego.cat\/es\/#\/schema\/logo\/image\/"},"sameAs":["https:\/\/www.facebook.com\/ElHogarGallego","http:\/\/instagram.com\/elhogargallego","http:\/\/www.youtube.com\/haciendahogargallego","https:\/\/www.tripadvisor.es\/Restaurant_Review-g580327-d997075-Reviews-El_Hogar_Gallego-Calella_Catalonia.html"]},{"@type":"Person","@id":"https:\/\/elhogargallego.cat\/es\/#\/schema\/person\/fc9a2cfeef02ab1280ad9fa75619d391","name":"disseny@matarogroc.com","sameAs":["https:\/\/elhogargallego.cat\/2022"],"url":"https:\/\/elhogargallego.cat\/es\/author\/dissenymatarogroc-com\/"}]}},"_links":{"self":[{"href":"https:\/\/elhogargallego.cat\/es\/wp-json\/wp\/v2\/posts\/30766"}],"collection":[{"href":"https:\/\/elhogargallego.cat\/es\/wp-json\/wp\/v2\/posts"}],"about":[{"href":"https:\/\/elhogargallego.cat\/es\/wp-json\/wp\/v2\/types\/post"}],"author":[{"embeddable":true,"href":"https:\/\/elhogargallego.cat\/es\/wp-json\/wp\/v2\/users\/1"}],"replies":[{"embeddable":true,"href":"https:\/\/elhogargallego.cat\/es\/wp-json\/wp\/v2\/comments?post=30766"}],"version-history":[{"count":1,"href":"https:\/\/elhogargallego.cat\/es\/wp-json\/wp\/v2\/posts\/30766\/revisions"}],"predecessor-version":[{"id":30767,"href":"https:\/\/elhogargallego.cat\/es\/wp-json\/wp\/v2\/posts\/30766\/revisions\/30767"}],"wp:featuredmedia":[{"embeddable":true,"href":"https:\/\/elhogargallego.cat\/es\/wp-json\/wp\/v2\/media\/30751"}],"wp:attachment":[{"href":"https:\/\/elhogargallego.cat\/es\/wp-json\/wp\/v2\/media?parent=30766"}],"wp:term":[{"taxonomy":"category","embeddable":true,"href":"https:\/\/elhogargallego.cat\/es\/wp-json\/wp\/v2\/categories?post=30766"},{"taxonomy":"post_tag","embeddable":true,"href":"https:\/\/elhogargallego.cat\/es\/wp-json\/wp\/v2\/tags?post=30766"}],"curies":[{"name":"wp","href":"https:\/\/api.w.org\/{rel}","templated":true}]}}