{"id":30723,"date":"2025-07-09T09:22:01","date_gmt":"2025-07-09T09:22:01","guid":{"rendered":"https:\/\/elhogargallego.cat\/?p=30723"},"modified":"2025-07-14T09:25:20","modified_gmt":"2025-07-14T09:25:20","slug":"felicitacion-de-la-associacio-turistica-de-calella","status":"publish","type":"post","link":"https:\/\/elhogargallego.cat\/es\/felicitacion-de-la-associacio-turistica-de-calella\/","title":{"rendered":"Felicitaci\u00f3n de la Associaci\u00f3 Tur\u00edstica de Calella"},"content":{"rendered":"\n<p>50 a\u00f1os de trayectoria, dedicaci\u00f3n y pasi\u00f3n\u2764\ufe0f\ud83d\udc4f\ud83c\udffc Recibimos con agradecimiento la carta de felicitaci\u00f3n de la Asociaci\u00f3n Tur\u00edstica de Calella, firmada por su presidenta, S\u00f2nia Hern\u00e1ndez Teixid\u00f3, con motivo del 50 aniversario de El Hogar Gallego.<\/p>\n\n\n\n<p>Un reconocimiento que pone en valor la constancia, la calidad gastron\u00f3mica y el arraigo de un proyecto familiar que forma parte del paisaje y la excelencia de Calella desde hace medio siglo. \u00a1Hogar Gallego es tu casa!<\/p>\n\n\n\n<p>Lee a continuaci\u00f3n la carta de felicitaci\u00f3n<\/p>\n\n\n\n<figure class=\"wp-block-image size-large\"><img fetchpriority=\"high\" decoding=\"async\" width=\"823\" height=\"1024\" src=\"https:\/\/elhogargallego.cat\/wp-content\/uploads\/2025\/07\/Noticia-Hogar-Gallego-823x1024.jpg\" alt=\"\" class=\"wp-image-30726\" srcset=\"https:\/\/elhogargallego.cat\/wp-content\/uploads\/2025\/07\/Noticia-Hogar-Gallego-823x1024.jpg 823w, https:\/\/elhogargallego.cat\/wp-content\/uploads\/2025\/07\/Noticia-Hogar-Gallego-241x300.jpg 241w, https:\/\/elhogargallego.cat\/wp-content\/uploads\/2025\/07\/Noticia-Hogar-Gallego-768x955.jpg 768w, https:\/\/elhogargallego.cat\/wp-content\/uploads\/2025\/07\/Noticia-Hogar-Gallego-1235x1536.jpg 1235w, https:\/\/elhogargallego.cat\/wp-content\/uploads\/2025\/07\/Noticia-Hogar-Gallego.jpg 1284w\" sizes=\"(max-width: 823px) 100vw, 823px\" \/><\/figure>\n","protected":false},"excerpt":{"rendered":"<p>50 a\u00f1os de trayectoria, dedicaci\u00f3n y pasi\u00f3n\u2764\ufe0f\ud83d\udc4f\ud83c\udffc Recibimos con agradecimiento la carta de felicitaci\u00f3n de la Asociaci\u00f3n Tur\u00edstica de Calella, firmada por su presidenta, S\u00f2nia Hern\u00e1ndez Teixid\u00f3, con motivo del 50 aniversario de El Hogar Gallego. Un reconocimiento que pone en valor la constancia, la calidad gastron\u00f3mica y el arraigo de un proyecto familiar que [&hellip;]<\/p>\n","protected":false},"author":1,"featured_media":30729,"comment_status":"closed","ping_status":"closed","sticky":false,"template":"","format":"standard","meta":{"footnotes":""},"categories":[102,90,15,17,16,14],"tags":[],"class_list":["post-30723","post","type-post","status-publish","format-standard","has-post-thumbnail","hentry","category-blog-2","category-blog","category-destacado","category-destacat","category-noticias","category-noticies"],"yoast_head":"<!-- This site is optimized with the Yoast SEO plugin v23.7 - https:\/\/yoast.com\/wordpress\/plugins\/seo\/ -->\n<title>Felicitaci\u00f3n de la Associaci\u00f3 Tur\u00edstica de Calella - El Hogar Gallego<\/title>\n<meta name=\"robots\" content=\"index, follow, max-snippet:-1, max-image-preview:large, max-video-preview:-1\" \/>\n<link rel=\"canonical\" href=\"https:\/\/elhogargallego.cat\/es\/felicitacion-de-la-associacio-turistica-de-calella\/\" \/>\n<meta property=\"og:locale\" content=\"es_ES\" \/>\n<meta property=\"og:type\" content=\"article\" \/>\n<meta property=\"og:title\" content=\"Felicitaci\u00f3n de la Associaci\u00f3 Tur\u00edstica de Calella - El Hogar Gallego\" \/>\n<meta property=\"og:description\" content=\"50 a\u00f1os de trayectoria, dedicaci\u00f3n y pasi\u00f3n\u2764\ufe0f\ud83d\udc4f\ud83c\udffc Recibimos con agradecimiento la carta de felicitaci\u00f3n de la Asociaci\u00f3n Tur\u00edstica de Calella, firmada por su presidenta, S\u00f2nia Hern\u00e1ndez Teixid\u00f3, con motivo del 50 aniversario de El Hogar Gallego. Un reconocimiento que pone en valor la constancia, la calidad gastron\u00f3mica y el arraigo de un proyecto familiar que [&hellip;]\" \/>\n<meta property=\"og:url\" content=\"https:\/\/elhogargallego.cat\/es\/felicitacion-de-la-associacio-turistica-de-calella\/\" \/>\n<meta property=\"og:site_name\" content=\"El Hogar Gallego\" \/>\n<meta property=\"article:publisher\" content=\"https:\/\/www.facebook.com\/ElHogarGallego\" \/>\n<meta property=\"article:published_time\" content=\"2025-07-09T09:22:01+00:00\" \/>\n<meta property=\"article:modified_time\" content=\"2025-07-14T09:25:20+00:00\" \/>\n<meta property=\"og:image\" content=\"https:\/\/elhogargallego.cat\/wp-content\/uploads\/2025\/07\/atc.jpg\" \/>\n\t<meta property=\"og:image:width\" content=\"800\" \/>\n\t<meta property=\"og:image:height\" content=\"600\" \/>\n\t<meta property=\"og:image:type\" content=\"image\/jpeg\" \/>\n<meta name=\"author\" content=\"disseny@matarogroc.com\" \/>\n<meta name=\"twitter:card\" content=\"summary_large_image\" \/>\n<meta name=\"twitter:label1\" content=\"Escrito por\" \/>\n\t<meta name=\"twitter:data1\" content=\"disseny@matarogroc.com\" \/>\n\t<meta name=\"twitter:label2\" content=\"Tiempo de lectura\" \/>\n\t<meta name=\"twitter:data2\" content=\"1 minuto\" \/>\n<script type=\"application\/ld+json\" class=\"yoast-schema-graph\">{\"@context\":\"https:\/\/schema.org\",\"@graph\":[{\"@type\":\"Article\",\"@id\":\"https:\/\/elhogargallego.cat\/es\/felicitacion-de-la-associacio-turistica-de-calella\/#article\",\"isPartOf\":{\"@id\":\"https:\/\/elhogargallego.cat\/es\/felicitacion-de-la-associacio-turistica-de-calella\/\"},\"author\":{\"name\":\"disseny@matarogroc.com\",\"@id\":\"https:\/\/elhogargallego.cat\/es\/#\/schema\/person\/fc9a2cfeef02ab1280ad9fa75619d391\"},\"headline\":\"Felicitaci\u00f3n de la Associaci\u00f3 Tur\u00edstica de Calella\",\"datePublished\":\"2025-07-09T09:22:01+00:00\",\"dateModified\":\"2025-07-14T09:25:20+00:00\",\"mainEntityOfPage\":{\"@id\":\"https:\/\/elhogargallego.cat\/es\/felicitacion-de-la-associacio-turistica-de-calella\/\"},\"wordCount\":98,\"publisher\":{\"@id\":\"https:\/\/elhogargallego.cat\/es\/#organization\"},\"image\":{\"@id\":\"https:\/\/elhogargallego.cat\/es\/felicitacion-de-la-associacio-turistica-de-calella\/#primaryimage\"},\"thumbnailUrl\":\"https:\/\/elhogargallego.cat\/wp-content\/uploads\/2025\/07\/atc.jpg\",\"articleSection\":[\"Blog\",\"blog\",\"Destacado Home\",\"Destacat Inici\",\"Noticias\",\"Not\u00edcies\"],\"inLanguage\":\"es\"},{\"@type\":\"WebPage\",\"@id\":\"https:\/\/elhogargallego.cat\/es\/felicitacion-de-la-associacio-turistica-de-calella\/\",\"url\":\"https:\/\/elhogargallego.cat\/es\/felicitacion-de-la-associacio-turistica-de-calella\/\",\"name\":\"Felicitaci\u00f3n de la Associaci\u00f3 Tur\u00edstica de Calella - El Hogar Gallego\",\"isPartOf\":{\"@id\":\"https:\/\/elhogargallego.cat\/es\/#website\"},\"primaryImageOfPage\":{\"@id\":\"https:\/\/elhogargallego.cat\/es\/felicitacion-de-la-associacio-turistica-de-calella\/#primaryimage\"},\"image\":{\"@id\":\"https:\/\/elhogargallego.cat\/es\/felicitacion-de-la-associacio-turistica-de-calella\/#primaryimage\"},\"thumbnailUrl\":\"https:\/\/elhogargallego.cat\/wp-content\/uploads\/2025\/07\/atc.jpg\",\"datePublished\":\"2025-07-09T09:22:01+00:00\",\"dateModified\":\"2025-07-14T09:25:20+00:00\",\"breadcrumb\":{\"@id\":\"https:\/\/elhogargallego.cat\/es\/felicitacion-de-la-associacio-turistica-de-calella\/#breadcrumb\"},\"inLanguage\":\"es\",\"potentialAction\":[{\"@type\":\"ReadAction\",\"target\":[\"https:\/\/elhogargallego.cat\/es\/felicitacion-de-la-associacio-turistica-de-calella\/\"]}]},{\"@type\":\"ImageObject\",\"inLanguage\":\"es\",\"@id\":\"https:\/\/elhogargallego.cat\/es\/felicitacion-de-la-associacio-turistica-de-calella\/#primaryimage\",\"url\":\"https:\/\/elhogargallego.cat\/wp-content\/uploads\/2025\/07\/atc.jpg\",\"contentUrl\":\"https:\/\/elhogargallego.cat\/wp-content\/uploads\/2025\/07\/atc.jpg\",\"width\":800,\"height\":600},{\"@type\":\"BreadcrumbList\",\"@id\":\"https:\/\/elhogargallego.cat\/es\/felicitacion-de-la-associacio-turistica-de-calella\/#breadcrumb\",\"itemListElement\":[{\"@type\":\"ListItem\",\"position\":1,\"name\":\"Inici\",\"item\":\"https:\/\/elhogargallego.cat\/es\/\"},{\"@type\":\"ListItem\",\"position\":2,\"name\":\"Felicitaci\u00f3n de la Associaci\u00f3 Tur\u00edstica de Calella\"}]},{\"@type\":\"WebSite\",\"@id\":\"https:\/\/elhogargallego.cat\/es\/#website\",\"url\":\"https:\/\/elhogargallego.cat\/es\/\",\"name\":\"El Hogar Gallego\",\"description\":\"\",\"publisher\":{\"@id\":\"https:\/\/elhogargallego.cat\/es\/#organization\"},\"potentialAction\":[{\"@type\":\"SearchAction\",\"target\":{\"@type\":\"EntryPoint\",\"urlTemplate\":\"https:\/\/elhogargallego.cat\/es\/?s={search_term_string}\"},\"query-input\":{\"@type\":\"PropertyValueSpecification\",\"valueRequired\":true,\"valueName\":\"search_term_string\"}}],\"inLanguage\":\"es\"},{\"@type\":\"Organization\",\"@id\":\"https:\/\/elhogargallego.cat\/es\/#organization\",\"name\":\"El Hogar Gallego\",\"url\":\"https:\/\/elhogargallego.cat\/es\/\",\"logo\":{\"@type\":\"ImageObject\",\"inLanguage\":\"es\",\"@id\":\"https:\/\/elhogargallego.cat\/es\/#\/schema\/logo\/image\/\",\"url\":\"https:\/\/elhogargallego.cat\/wp-content\/uploads\/2025\/02\/logo50.png\",\"contentUrl\":\"https:\/\/elhogargallego.cat\/wp-content\/uploads\/2025\/02\/logo50.png\",\"width\":150,\"height\":114,\"caption\":\"El Hogar Gallego\"},\"image\":{\"@id\":\"https:\/\/elhogargallego.cat\/es\/#\/schema\/logo\/image\/\"},\"sameAs\":[\"https:\/\/www.facebook.com\/ElHogarGallego\",\"http:\/\/instagram.com\/elhogargallego\",\"http:\/\/www.youtube.com\/haciendahogargallego\",\"https:\/\/www.tripadvisor.es\/Restaurant_Review-g580327-d997075-Reviews-El_Hogar_Gallego-Calella_Catalonia.html\"]},{\"@type\":\"Person\",\"@id\":\"https:\/\/elhogargallego.cat\/es\/#\/schema\/person\/fc9a2cfeef02ab1280ad9fa75619d391\",\"name\":\"disseny@matarogroc.com\",\"sameAs\":[\"https:\/\/elhogargallego.cat\/2022\"],\"url\":\"https:\/\/elhogargallego.cat\/es\/author\/dissenymatarogroc-com\/\"}]}<\/script>\n<!-- \/ Yoast SEO plugin. -->","yoast_head_json":{"title":"Felicitaci\u00f3n de la Associaci\u00f3 Tur\u00edstica de Calella - El Hogar Gallego","robots":{"index":"index","follow":"follow","max-snippet":"max-snippet:-1","max-image-preview":"max-image-preview:large","max-video-preview":"max-video-preview:-1"},"canonical":"https:\/\/elhogargallego.cat\/es\/felicitacion-de-la-associacio-turistica-de-calella\/","og_locale":"es_ES","og_type":"article","og_title":"Felicitaci\u00f3n de la Associaci\u00f3 Tur\u00edstica de Calella - El Hogar Gallego","og_description":"50 a\u00f1os de trayectoria, dedicaci\u00f3n y pasi\u00f3n\u2764\ufe0f\ud83d\udc4f\ud83c\udffc Recibimos con agradecimiento la carta de felicitaci\u00f3n de la Asociaci\u00f3n Tur\u00edstica de Calella, firmada por su presidenta, S\u00f2nia Hern\u00e1ndez Teixid\u00f3, con motivo del 50 aniversario de El Hogar Gallego. Un reconocimiento que pone en valor la constancia, la calidad gastron\u00f3mica y el arraigo de un proyecto familiar que [&hellip;]","og_url":"https:\/\/elhogargallego.cat\/es\/felicitacion-de-la-associacio-turistica-de-calella\/","og_site_name":"El Hogar Gallego","article_publisher":"https:\/\/www.facebook.com\/ElHogarGallego","article_published_time":"2025-07-09T09:22:01+00:00","article_modified_time":"2025-07-14T09:25:20+00:00","og_image":[{"width":800,"height":600,"url":"https:\/\/elhogargallego.cat\/wp-content\/uploads\/2025\/07\/atc.jpg","type":"image\/jpeg"}],"author":"disseny@matarogroc.com","twitter_card":"summary_large_image","twitter_misc":{"Escrito por":"disseny@matarogroc.com","Tiempo de lectura":"1 minuto"},"schema":{"@context":"https:\/\/schema.org","@graph":[{"@type":"Article","@id":"https:\/\/elhogargallego.cat\/es\/felicitacion-de-la-associacio-turistica-de-calella\/#article","isPartOf":{"@id":"https:\/\/elhogargallego.cat\/es\/felicitacion-de-la-associacio-turistica-de-calella\/"},"author":{"name":"disseny@matarogroc.com","@id":"https:\/\/elhogargallego.cat\/es\/#\/schema\/person\/fc9a2cfeef02ab1280ad9fa75619d391"},"headline":"Felicitaci\u00f3n de la Associaci\u00f3 Tur\u00edstica de Calella","datePublished":"2025-07-09T09:22:01+00:00","dateModified":"2025-07-14T09:25:20+00:00","mainEntityOfPage":{"@id":"https:\/\/elhogargallego.cat\/es\/felicitacion-de-la-associacio-turistica-de-calella\/"},"wordCount":98,"publisher":{"@id":"https:\/\/elhogargallego.cat\/es\/#organization"},"image":{"@id":"https:\/\/elhogargallego.cat\/es\/felicitacion-de-la-associacio-turistica-de-calella\/#primaryimage"},"thumbnailUrl":"https:\/\/elhogargallego.cat\/wp-content\/uploads\/2025\/07\/atc.jpg","articleSection":["Blog","blog","Destacado Home","Destacat Inici","Noticias","Not\u00edcies"],"inLanguage":"es"},{"@type":"WebPage","@id":"https:\/\/elhogargallego.cat\/es\/felicitacion-de-la-associacio-turistica-de-calella\/","url":"https:\/\/elhogargallego.cat\/es\/felicitacion-de-la-associacio-turistica-de-calella\/","name":"Felicitaci\u00f3n de la Associaci\u00f3 Tur\u00edstica de Calella - El Hogar Gallego","isPartOf":{"@id":"https:\/\/elhogargallego.cat\/es\/#website"},"primaryImageOfPage":{"@id":"https:\/\/elhogargallego.cat\/es\/felicitacion-de-la-associacio-turistica-de-calella\/#primaryimage"},"image":{"@id":"https:\/\/elhogargallego.cat\/es\/felicitacion-de-la-associacio-turistica-de-calella\/#primaryimage"},"thumbnailUrl":"https:\/\/elhogargallego.cat\/wp-content\/uploads\/2025\/07\/atc.jpg","datePublished":"2025-07-09T09:22:01+00:00","dateModified":"2025-07-14T09:25:20+00:00","breadcrumb":{"@id":"https:\/\/elhogargallego.cat\/es\/felicitacion-de-la-associacio-turistica-de-calella\/#breadcrumb"},"inLanguage":"es","potentialAction":[{"@type":"ReadAction","target":["https:\/\/elhogargallego.cat\/es\/felicitacion-de-la-associacio-turistica-de-calella\/"]}]},{"@type":"ImageObject","inLanguage":"es","@id":"https:\/\/elhogargallego.cat\/es\/felicitacion-de-la-associacio-turistica-de-calella\/#primaryimage","url":"https:\/\/elhogargallego.cat\/wp-content\/uploads\/2025\/07\/atc.jpg","contentUrl":"https:\/\/elhogargallego.cat\/wp-content\/uploads\/2025\/07\/atc.jpg","width":800,"height":600},{"@type":"BreadcrumbList","@id":"https:\/\/elhogargallego.cat\/es\/felicitacion-de-la-associacio-turistica-de-calella\/#breadcrumb","itemListElement":[{"@type":"ListItem","position":1,"name":"Inici","item":"https:\/\/elhogargallego.cat\/es\/"},{"@type":"ListItem","position":2,"name":"Felicitaci\u00f3n de la Associaci\u00f3 Tur\u00edstica de Calella"}]},{"@type":"WebSite","@id":"https:\/\/elhogargallego.cat\/es\/#website","url":"https:\/\/elhogargallego.cat\/es\/","name":"El Hogar Gallego","description":"","publisher":{"@id":"https:\/\/elhogargallego.cat\/es\/#organization"},"potentialAction":[{"@type":"SearchAction","target":{"@type":"EntryPoint","urlTemplate":"https:\/\/elhogargallego.cat\/es\/?s={search_term_string}"},"query-input":{"@type":"PropertyValueSpecification","valueRequired":true,"valueName":"search_term_string"}}],"inLanguage":"es"},{"@type":"Organization","@id":"https:\/\/elhogargallego.cat\/es\/#organization","name":"El Hogar Gallego","url":"https:\/\/elhogargallego.cat\/es\/","logo":{"@type":"ImageObject","inLanguage":"es","@id":"https:\/\/elhogargallego.cat\/es\/#\/schema\/logo\/image\/","url":"https:\/\/elhogargallego.cat\/wp-content\/uploads\/2025\/02\/logo50.png","contentUrl":"https:\/\/elhogargallego.cat\/wp-content\/uploads\/2025\/02\/logo50.png","width":150,"height":114,"caption":"El Hogar Gallego"},"image":{"@id":"https:\/\/elhogargallego.cat\/es\/#\/schema\/logo\/image\/"},"sameAs":["https:\/\/www.facebook.com\/ElHogarGallego","http:\/\/instagram.com\/elhogargallego","http:\/\/www.youtube.com\/haciendahogargallego","https:\/\/www.tripadvisor.es\/Restaurant_Review-g580327-d997075-Reviews-El_Hogar_Gallego-Calella_Catalonia.html"]},{"@type":"Person","@id":"https:\/\/elhogargallego.cat\/es\/#\/schema\/person\/fc9a2cfeef02ab1280ad9fa75619d391","name":"disseny@matarogroc.com","sameAs":["https:\/\/elhogargallego.cat\/2022"],"url":"https:\/\/elhogargallego.cat\/es\/author\/dissenymatarogroc-com\/"}]}},"_links":{"self":[{"href":"https:\/\/elhogargallego.cat\/es\/wp-json\/wp\/v2\/posts\/30723"}],"collection":[{"href":"https:\/\/elhogargallego.cat\/es\/wp-json\/wp\/v2\/posts"}],"about":[{"href":"https:\/\/elhogargallego.cat\/es\/wp-json\/wp\/v2\/types\/post"}],"author":[{"embeddable":true,"href":"https:\/\/elhogargallego.cat\/es\/wp-json\/wp\/v2\/users\/1"}],"replies":[{"embeddable":true,"href":"https:\/\/elhogargallego.cat\/es\/wp-json\/wp\/v2\/comments?post=30723"}],"version-history":[{"count":1,"href":"https:\/\/elhogargallego.cat\/es\/wp-json\/wp\/v2\/posts\/30723\/revisions"}],"predecessor-version":[{"id":30733,"href":"https:\/\/elhogargallego.cat\/es\/wp-json\/wp\/v2\/posts\/30723\/revisions\/30733"}],"wp:featuredmedia":[{"embeddable":true,"href":"https:\/\/elhogargallego.cat\/es\/wp-json\/wp\/v2\/media\/30729"}],"wp:attachment":[{"href":"https:\/\/elhogargallego.cat\/es\/wp-json\/wp\/v2\/media?parent=30723"}],"wp:term":[{"taxonomy":"category","embeddable":true,"href":"https:\/\/elhogargallego.cat\/es\/wp-json\/wp\/v2\/categories?post=30723"},{"taxonomy":"post_tag","embeddable":true,"href":"https:\/\/elhogargallego.cat\/es\/wp-json\/wp\/v2\/tags?post=30723"}],"curies":[{"name":"wp","href":"https:\/\/api.w.org\/{rel}","templated":true}]}}