{"id":29559,"date":"2022-12-15T09:53:30","date_gmt":"2022-12-15T09:53:30","guid":{"rendered":"https:\/\/elhogargallego.cat\/?p=29559"},"modified":"2023-12-12T12:29:11","modified_gmt":"2023-12-12T12:29:11","slug":"celebra-nochevieja-en-la-hacienda","status":"publish","type":"post","link":"https:\/\/elhogargallego.cat\/es\/celebra-nochevieja-en-la-hacienda\/","title":{"rendered":"\u00a1Celebra Nochevieja en la Hacienda!"},"content":{"rendered":"<p>Llega la noche m\u00e1s m\u00e1gica: <strong>LA NOCHEVIEJA.<\/strong> Y qu\u00e9 mejor lugar para celebrarla que en un lugar m\u00e1gico: <strong>LA HACIENDA DEL HOGAR GALLEGO.<\/strong><\/p>\n<p>Desde el Hogar Gallego te invitamos a <strong>disfrutar de la \u00faltima noche del a\u00f1o como te mereces,<\/strong> en un lugar donde todo el que imaginas para esta noche se hace realidad: <strong>servicio excelente, un men\u00fa exclusivo y la mejor compa\u00f1\u00eda<\/strong>, la de tus amigos y familiares.<\/p>\n<p><strong>Un men\u00fa de lujo<\/strong><\/p>\n<p>Sin duda, uno de los elementos estrella de cualquier Nochevieja es la cena y por eso, desde <strong>El Hogar Gallego y La Hacienda del Hogar Gallego y bajo la direcci\u00f3n de nuestro chef Toni Gordillo hemos elaborado un men\u00fa exclusivo<\/strong> donde carnes, peces y dulces se dan cita para crear una armon\u00eda de sensaciones perfecta; y por supuesto, como cada a\u00f1o, <strong>acompa\u00f1ado de champagne Mo\u00ebt &amp; Chandon.<\/strong><\/p>\n<p>Adem\u00e1s, no faltar\u00e1n la <strong>Uva de la Suerte y una bolsa de cotill\u00f3n<\/strong> para pas\u00e1rnoslo realmente de lujo en la \u00faltima noche del a\u00f1o.<\/p>\n<p>\t\t\t\t\t\t\t\t\t\t\t\t\t\t\t<img loading=\"lazy\" decoding=\"async\" width=\"591\" height=\"1241\" src=\"https:\/\/elhogargallego.cat\/wp-content\/uploads\/2022\/12\/portada2023.jpg\" alt=\"\" loading=\"lazy\" srcset=\"https:\/\/elhogargallego.cat\/wp-content\/uploads\/2022\/12\/portada2023.jpg 591w, https:\/\/elhogargallego.cat\/wp-content\/uploads\/2022\/12\/portada2023-143x300.jpg 143w, https:\/\/elhogargallego.cat\/wp-content\/uploads\/2022\/12\/portada2023-488x1024.jpg 488w\" sizes=\"(max-width: 591px) 100vw, 591px\" \/><br \/>\n\t\t\t\t\t\t\t\t\t\t\t\t\t\t\t<img loading=\"lazy\" decoding=\"async\" width=\"591\" height=\"1241\" src=\"https:\/\/elhogargallego.cat\/wp-content\/uploads\/2022\/12\/pag12023.jpg\" alt=\"\" loading=\"lazy\" srcset=\"https:\/\/elhogargallego.cat\/wp-content\/uploads\/2022\/12\/pag12023.jpg 591w, https:\/\/elhogargallego.cat\/wp-content\/uploads\/2022\/12\/pag12023-143x300.jpg 143w, https:\/\/elhogargallego.cat\/wp-content\/uploads\/2022\/12\/pag12023-488x1024.jpg 488w\" sizes=\"(max-width: 591px) 100vw, 591px\" \/><br \/>\n\t\t\t\t\t\t\t\t\t\t\t\t\t\t\t<img loading=\"lazy\" decoding=\"async\" width=\"488\" height=\"1024\" src=\"https:\/\/elhogargallego.cat\/wp-content\/uploads\/2022\/12\/pag22023-488x1024.jpg\" alt=\"\" loading=\"lazy\" srcset=\"https:\/\/elhogargallego.cat\/wp-content\/uploads\/2022\/12\/pag22023-488x1024.jpg 488w, https:\/\/elhogargallego.cat\/wp-content\/uploads\/2022\/12\/pag22023-143x300.jpg 143w, https:\/\/elhogargallego.cat\/wp-content\/uploads\/2022\/12\/pag22023.jpg 591w\" sizes=\"(max-width: 488px) 100vw, 488px\" \/>\t\t\t\t\t\t\t\t\t\t\t\t\t\t\t<\/p>\n<p><strong>Fiesta sin fin<\/strong><\/p>\n<p>Celebraremos juntos esta<strong> gran noche hasta las cinco de la ma\u00f1ana<\/strong>, bailando sin parar y d\u00e1ndole la bienvenida a un nuevo a\u00f1o cargado de nuevas y buenas experiencias. Y mientras tanto, y para ir cogiendo fuerzas, <strong>no faltar\u00e1 nuestro t\u00edpico resop\u00f3n<\/strong> <strong>para esta noche tan especial: Jam\u00f3n Joselito<\/strong> \u00bfse puede pedir m\u00e1s?<\/p>\n<p><strong>Una noche con sorpresa<\/strong><\/p>\n<p>En La Hacienda del Hogar Gallego <strong>le queremos rendir un homenaje a nuestros clientes<\/strong> y sobre todo en una noche tan m\u00e1gica. Por ello, <strong>celebraremos un sorteo de un Jam\u00f3n Joselito Gran Reserva entre todos nuestros invitados<\/strong>, \u00bfhay mejor manera de celebrar Nochevieja?<\/p>\n<p>\u00bfQuieres venir a celebrar la \u00faltima noche del a\u00f1o en nuestra compa\u00f1\u00eda? \u00bfQuieres despedirte del a\u00f1o con una fiesta inolvidable?<\/p>\n<p>Haz tu reserva en 93 766 20 27 o env\u00eda un email a reserva@lahacienda.cat<\/p>\n","protected":false},"excerpt":{"rendered":"<p>Llega la noche m\u00e1s m\u00e1gica: LA NOCHEVIEJA. Y qu\u00e9 mejor lugar para celebrarla que en un lugar m\u00e1gico: LA HACIENDA DEL HOGAR GALLEGO. Desde el Hogar Gallego te invitamos a disfrutar de la \u00faltima noche del a\u00f1o como te mereces, en un lugar donde todo el que imaginas para esta noche se hace realidad: servicio [&hellip;]<\/p>\n","protected":false},"author":3,"featured_media":8489,"comment_status":"closed","ping_status":"closed","sticky":false,"template":"","format":"standard","meta":{"footnotes":""},"categories":[16,14],"tags":[120,121,122,119,123,118,124,125],"class_list":["post-29559","post","type-post","status-publish","format-standard","has-post-thumbnail","hentry","category-noticias","category-noticies","tag-cena-con-glamour-es","tag-cenas-en-la-hacienda-es","tag-fiestas-de-navidad-es","tag-fin-de-ano-es","tag-hogar-gallego-es","tag-la-hacienda-del-hogar-gallego-es","tag-noche-vieja-es","tag-restaurantes-maresme-es"],"yoast_head":"<!-- This site is optimized with the Yoast SEO plugin v23.7 - https:\/\/yoast.com\/wordpress\/plugins\/seo\/ -->\n<title>\u00a1Celebra Nochevieja en la Hacienda! - El Hogar Gallego<\/title>\n<meta name=\"robots\" content=\"index, follow, max-snippet:-1, max-image-preview:large, max-video-preview:-1\" \/>\n<link rel=\"canonical\" href=\"https:\/\/elhogargallego.cat\/es\/celebra-nochevieja-en-la-hacienda\/\" \/>\n<meta property=\"og:locale\" content=\"es_ES\" \/>\n<meta property=\"og:type\" content=\"article\" \/>\n<meta property=\"og:title\" content=\"\u00a1Celebra Nochevieja en la Hacienda! - El Hogar Gallego\" \/>\n<meta property=\"og:description\" content=\"Llega la noche m\u00e1s m\u00e1gica: LA NOCHEVIEJA. Y qu\u00e9 mejor lugar para celebrarla que en un lugar m\u00e1gico: LA HACIENDA DEL HOGAR GALLEGO. Desde el Hogar Gallego te invitamos a disfrutar de la \u00faltima noche del a\u00f1o como te mereces, en un lugar donde todo el que imaginas para esta noche se hace realidad: servicio [&hellip;]\" \/>\n<meta property=\"og:url\" content=\"https:\/\/elhogargallego.cat\/es\/celebra-nochevieja-en-la-hacienda\/\" \/>\n<meta property=\"og:site_name\" content=\"El Hogar Gallego\" \/>\n<meta property=\"article:publisher\" content=\"https:\/\/www.facebook.com\/ElHogarGallego\" \/>\n<meta property=\"article:published_time\" content=\"2022-12-15T09:53:30+00:00\" \/>\n<meta property=\"article:modified_time\" content=\"2023-12-12T12:29:11+00:00\" \/>\n<meta property=\"og:image\" content=\"https:\/\/elhogargallego.cat\/wp-content\/uploads\/2018\/11\/lahacienda_panoramica.png.jpeg\" \/>\n\t<meta property=\"og:image:width\" content=\"1024\" \/>\n\t<meta property=\"og:image:height\" content=\"768\" \/>\n\t<meta property=\"og:image:type\" content=\"image\/jpeg\" \/>\n<meta name=\"author\" content=\"Comunicaci\u00f3\" \/>\n<meta name=\"twitter:card\" content=\"summary_large_image\" \/>\n<meta name=\"twitter:label1\" content=\"Escrito por\" \/>\n\t<meta name=\"twitter:data1\" content=\"Comunicaci\u00f3\" \/>\n\t<meta name=\"twitter:label2\" content=\"Tiempo de lectura\" \/>\n\t<meta name=\"twitter:data2\" content=\"2 minutos\" \/>\n<script type=\"application\/ld+json\" class=\"yoast-schema-graph\">{\"@context\":\"https:\/\/schema.org\",\"@graph\":[{\"@type\":\"Article\",\"@id\":\"https:\/\/elhogargallego.cat\/es\/celebra-nochevieja-en-la-hacienda\/#article\",\"isPartOf\":{\"@id\":\"https:\/\/elhogargallego.cat\/es\/celebra-nochevieja-en-la-hacienda\/\"},\"author\":{\"name\":\"Comunicaci\u00f3\",\"@id\":\"https:\/\/elhogargallego.cat\/es\/#\/schema\/person\/028b76909e2a97db0c63cb6676a9d1c1\"},\"headline\":\"\u00a1Celebra Nochevieja en la Hacienda!\",\"datePublished\":\"2022-12-15T09:53:30+00:00\",\"dateModified\":\"2023-12-12T12:29:11+00:00\",\"mainEntityOfPage\":{\"@id\":\"https:\/\/elhogargallego.cat\/es\/celebra-nochevieja-en-la-hacienda\/\"},\"wordCount\":331,\"publisher\":{\"@id\":\"https:\/\/elhogargallego.cat\/es\/#organization\"},\"image\":{\"@id\":\"https:\/\/elhogargallego.cat\/es\/celebra-nochevieja-en-la-hacienda\/#primaryimage\"},\"thumbnailUrl\":\"https:\/\/elhogargallego.cat\/wp-content\/uploads\/2018\/11\/lahacienda_panoramica.png.jpeg\",\"keywords\":[\"cena con glamour\",\"cenas en la hacienda\",\"fiestas de navidad\",\"Fin de a\u00f1o\",\"hogar gallego\",\"La Hacienda del Hogar Gallego\",\"noche vieja\",\"restaurantes maresme\"],\"articleSection\":[\"Noticias\",\"Not\u00edcies\"],\"inLanguage\":\"es\"},{\"@type\":\"WebPage\",\"@id\":\"https:\/\/elhogargallego.cat\/es\/celebra-nochevieja-en-la-hacienda\/\",\"url\":\"https:\/\/elhogargallego.cat\/es\/celebra-nochevieja-en-la-hacienda\/\",\"name\":\"\u00a1Celebra Nochevieja en la Hacienda! - El Hogar Gallego\",\"isPartOf\":{\"@id\":\"https:\/\/elhogargallego.cat\/es\/#website\"},\"primaryImageOfPage\":{\"@id\":\"https:\/\/elhogargallego.cat\/es\/celebra-nochevieja-en-la-hacienda\/#primaryimage\"},\"image\":{\"@id\":\"https:\/\/elhogargallego.cat\/es\/celebra-nochevieja-en-la-hacienda\/#primaryimage\"},\"thumbnailUrl\":\"https:\/\/elhogargallego.cat\/wp-content\/uploads\/2018\/11\/lahacienda_panoramica.png.jpeg\",\"datePublished\":\"2022-12-15T09:53:30+00:00\",\"dateModified\":\"2023-12-12T12:29:11+00:00\",\"breadcrumb\":{\"@id\":\"https:\/\/elhogargallego.cat\/es\/celebra-nochevieja-en-la-hacienda\/#breadcrumb\"},\"inLanguage\":\"es\",\"potentialAction\":[{\"@type\":\"ReadAction\",\"target\":[\"https:\/\/elhogargallego.cat\/es\/celebra-nochevieja-en-la-hacienda\/\"]}]},{\"@type\":\"ImageObject\",\"inLanguage\":\"es\",\"@id\":\"https:\/\/elhogargallego.cat\/es\/celebra-nochevieja-en-la-hacienda\/#primaryimage\",\"url\":\"https:\/\/elhogargallego.cat\/wp-content\/uploads\/2018\/11\/lahacienda_panoramica.png.jpeg\",\"contentUrl\":\"https:\/\/elhogargallego.cat\/wp-content\/uploads\/2018\/11\/lahacienda_panoramica.png.jpeg\",\"width\":1024,\"height\":768},{\"@type\":\"BreadcrumbList\",\"@id\":\"https:\/\/elhogargallego.cat\/es\/celebra-nochevieja-en-la-hacienda\/#breadcrumb\",\"itemListElement\":[{\"@type\":\"ListItem\",\"position\":1,\"name\":\"Inici\",\"item\":\"https:\/\/elhogargallego.cat\/es\/\"},{\"@type\":\"ListItem\",\"position\":2,\"name\":\"\u00a1Celebra Nochevieja en la Hacienda!\"}]},{\"@type\":\"WebSite\",\"@id\":\"https:\/\/elhogargallego.cat\/es\/#website\",\"url\":\"https:\/\/elhogargallego.cat\/es\/\",\"name\":\"El Hogar Gallego\",\"description\":\"\",\"publisher\":{\"@id\":\"https:\/\/elhogargallego.cat\/es\/#organization\"},\"potentialAction\":[{\"@type\":\"SearchAction\",\"target\":{\"@type\":\"EntryPoint\",\"urlTemplate\":\"https:\/\/elhogargallego.cat\/es\/?s={search_term_string}\"},\"query-input\":{\"@type\":\"PropertyValueSpecification\",\"valueRequired\":true,\"valueName\":\"search_term_string\"}}],\"inLanguage\":\"es\"},{\"@type\":\"Organization\",\"@id\":\"https:\/\/elhogargallego.cat\/es\/#organization\",\"name\":\"El Hogar Gallego\",\"url\":\"https:\/\/elhogargallego.cat\/es\/\",\"logo\":{\"@type\":\"ImageObject\",\"inLanguage\":\"es\",\"@id\":\"https:\/\/elhogargallego.cat\/es\/#\/schema\/logo\/image\/\",\"url\":\"https:\/\/elhogargallego.cat\/wp-content\/uploads\/2025\/02\/logo50.png\",\"contentUrl\":\"https:\/\/elhogargallego.cat\/wp-content\/uploads\/2025\/02\/logo50.png\",\"width\":150,\"height\":114,\"caption\":\"El Hogar Gallego\"},\"image\":{\"@id\":\"https:\/\/elhogargallego.cat\/es\/#\/schema\/logo\/image\/\"},\"sameAs\":[\"https:\/\/www.facebook.com\/ElHogarGallego\",\"http:\/\/instagram.com\/elhogargallego\",\"http:\/\/www.youtube.com\/haciendahogargallego\",\"https:\/\/www.tripadvisor.es\/Restaurant_Review-g580327-d997075-Reviews-El_Hogar_Gallego-Calella_Catalonia.html\"]},{\"@type\":\"Person\",\"@id\":\"https:\/\/elhogargallego.cat\/es\/#\/schema\/person\/028b76909e2a97db0c63cb6676a9d1c1\",\"name\":\"Comunicaci\u00f3\",\"url\":\"https:\/\/elhogargallego.cat\/es\/author\/comunicacio\/\"}]}<\/script>\n<!-- \/ Yoast SEO plugin. -->","yoast_head_json":{"title":"\u00a1Celebra Nochevieja en la Hacienda! - El Hogar Gallego","robots":{"index":"index","follow":"follow","max-snippet":"max-snippet:-1","max-image-preview":"max-image-preview:large","max-video-preview":"max-video-preview:-1"},"canonical":"https:\/\/elhogargallego.cat\/es\/celebra-nochevieja-en-la-hacienda\/","og_locale":"es_ES","og_type":"article","og_title":"\u00a1Celebra Nochevieja en la Hacienda! - El Hogar Gallego","og_description":"Llega la noche m\u00e1s m\u00e1gica: LA NOCHEVIEJA. Y qu\u00e9 mejor lugar para celebrarla que en un lugar m\u00e1gico: LA HACIENDA DEL HOGAR GALLEGO. Desde el Hogar Gallego te invitamos a disfrutar de la \u00faltima noche del a\u00f1o como te mereces, en un lugar donde todo el que imaginas para esta noche se hace realidad: servicio [&hellip;]","og_url":"https:\/\/elhogargallego.cat\/es\/celebra-nochevieja-en-la-hacienda\/","og_site_name":"El Hogar Gallego","article_publisher":"https:\/\/www.facebook.com\/ElHogarGallego","article_published_time":"2022-12-15T09:53:30+00:00","article_modified_time":"2023-12-12T12:29:11+00:00","og_image":[{"width":1024,"height":768,"url":"https:\/\/elhogargallego.cat\/wp-content\/uploads\/2018\/11\/lahacienda_panoramica.png.jpeg","type":"image\/jpeg"}],"author":"Comunicaci\u00f3","twitter_card":"summary_large_image","twitter_misc":{"Escrito por":"Comunicaci\u00f3","Tiempo de lectura":"2 minutos"},"schema":{"@context":"https:\/\/schema.org","@graph":[{"@type":"Article","@id":"https:\/\/elhogargallego.cat\/es\/celebra-nochevieja-en-la-hacienda\/#article","isPartOf":{"@id":"https:\/\/elhogargallego.cat\/es\/celebra-nochevieja-en-la-hacienda\/"},"author":{"name":"Comunicaci\u00f3","@id":"https:\/\/elhogargallego.cat\/es\/#\/schema\/person\/028b76909e2a97db0c63cb6676a9d1c1"},"headline":"\u00a1Celebra Nochevieja en la Hacienda!","datePublished":"2022-12-15T09:53:30+00:00","dateModified":"2023-12-12T12:29:11+00:00","mainEntityOfPage":{"@id":"https:\/\/elhogargallego.cat\/es\/celebra-nochevieja-en-la-hacienda\/"},"wordCount":331,"publisher":{"@id":"https:\/\/elhogargallego.cat\/es\/#organization"},"image":{"@id":"https:\/\/elhogargallego.cat\/es\/celebra-nochevieja-en-la-hacienda\/#primaryimage"},"thumbnailUrl":"https:\/\/elhogargallego.cat\/wp-content\/uploads\/2018\/11\/lahacienda_panoramica.png.jpeg","keywords":["cena con glamour","cenas en la hacienda","fiestas de navidad","Fin de a\u00f1o","hogar gallego","La Hacienda del Hogar Gallego","noche vieja","restaurantes maresme"],"articleSection":["Noticias","Not\u00edcies"],"inLanguage":"es"},{"@type":"WebPage","@id":"https:\/\/elhogargallego.cat\/es\/celebra-nochevieja-en-la-hacienda\/","url":"https:\/\/elhogargallego.cat\/es\/celebra-nochevieja-en-la-hacienda\/","name":"\u00a1Celebra Nochevieja en la Hacienda! - El Hogar Gallego","isPartOf":{"@id":"https:\/\/elhogargallego.cat\/es\/#website"},"primaryImageOfPage":{"@id":"https:\/\/elhogargallego.cat\/es\/celebra-nochevieja-en-la-hacienda\/#primaryimage"},"image":{"@id":"https:\/\/elhogargallego.cat\/es\/celebra-nochevieja-en-la-hacienda\/#primaryimage"},"thumbnailUrl":"https:\/\/elhogargallego.cat\/wp-content\/uploads\/2018\/11\/lahacienda_panoramica.png.jpeg","datePublished":"2022-12-15T09:53:30+00:00","dateModified":"2023-12-12T12:29:11+00:00","breadcrumb":{"@id":"https:\/\/elhogargallego.cat\/es\/celebra-nochevieja-en-la-hacienda\/#breadcrumb"},"inLanguage":"es","potentialAction":[{"@type":"ReadAction","target":["https:\/\/elhogargallego.cat\/es\/celebra-nochevieja-en-la-hacienda\/"]}]},{"@type":"ImageObject","inLanguage":"es","@id":"https:\/\/elhogargallego.cat\/es\/celebra-nochevieja-en-la-hacienda\/#primaryimage","url":"https:\/\/elhogargallego.cat\/wp-content\/uploads\/2018\/11\/lahacienda_panoramica.png.jpeg","contentUrl":"https:\/\/elhogargallego.cat\/wp-content\/uploads\/2018\/11\/lahacienda_panoramica.png.jpeg","width":1024,"height":768},{"@type":"BreadcrumbList","@id":"https:\/\/elhogargallego.cat\/es\/celebra-nochevieja-en-la-hacienda\/#breadcrumb","itemListElement":[{"@type":"ListItem","position":1,"name":"Inici","item":"https:\/\/elhogargallego.cat\/es\/"},{"@type":"ListItem","position":2,"name":"\u00a1Celebra Nochevieja en la Hacienda!"}]},{"@type":"WebSite","@id":"https:\/\/elhogargallego.cat\/es\/#website","url":"https:\/\/elhogargallego.cat\/es\/","name":"El Hogar Gallego","description":"","publisher":{"@id":"https:\/\/elhogargallego.cat\/es\/#organization"},"potentialAction":[{"@type":"SearchAction","target":{"@type":"EntryPoint","urlTemplate":"https:\/\/elhogargallego.cat\/es\/?s={search_term_string}"},"query-input":{"@type":"PropertyValueSpecification","valueRequired":true,"valueName":"search_term_string"}}],"inLanguage":"es"},{"@type":"Organization","@id":"https:\/\/elhogargallego.cat\/es\/#organization","name":"El Hogar Gallego","url":"https:\/\/elhogargallego.cat\/es\/","logo":{"@type":"ImageObject","inLanguage":"es","@id":"https:\/\/elhogargallego.cat\/es\/#\/schema\/logo\/image\/","url":"https:\/\/elhogargallego.cat\/wp-content\/uploads\/2025\/02\/logo50.png","contentUrl":"https:\/\/elhogargallego.cat\/wp-content\/uploads\/2025\/02\/logo50.png","width":150,"height":114,"caption":"El Hogar Gallego"},"image":{"@id":"https:\/\/elhogargallego.cat\/es\/#\/schema\/logo\/image\/"},"sameAs":["https:\/\/www.facebook.com\/ElHogarGallego","http:\/\/instagram.com\/elhogargallego","http:\/\/www.youtube.com\/haciendahogargallego","https:\/\/www.tripadvisor.es\/Restaurant_Review-g580327-d997075-Reviews-El_Hogar_Gallego-Calella_Catalonia.html"]},{"@type":"Person","@id":"https:\/\/elhogargallego.cat\/es\/#\/schema\/person\/028b76909e2a97db0c63cb6676a9d1c1","name":"Comunicaci\u00f3","url":"https:\/\/elhogargallego.cat\/es\/author\/comunicacio\/"}]}},"_links":{"self":[{"href":"https:\/\/elhogargallego.cat\/es\/wp-json\/wp\/v2\/posts\/29559"}],"collection":[{"href":"https:\/\/elhogargallego.cat\/es\/wp-json\/wp\/v2\/posts"}],"about":[{"href":"https:\/\/elhogargallego.cat\/es\/wp-json\/wp\/v2\/types\/post"}],"author":[{"embeddable":true,"href":"https:\/\/elhogargallego.cat\/es\/wp-json\/wp\/v2\/users\/3"}],"replies":[{"embeddable":true,"href":"https:\/\/elhogargallego.cat\/es\/wp-json\/wp\/v2\/comments?post=29559"}],"version-history":[{"count":9,"href":"https:\/\/elhogargallego.cat\/es\/wp-json\/wp\/v2\/posts\/29559\/revisions"}],"predecessor-version":[{"id":30045,"href":"https:\/\/elhogargallego.cat\/es\/wp-json\/wp\/v2\/posts\/29559\/revisions\/30045"}],"wp:featuredmedia":[{"embeddable":true,"href":"https:\/\/elhogargallego.cat\/es\/wp-json\/wp\/v2\/media\/8489"}],"wp:attachment":[{"href":"https:\/\/elhogargallego.cat\/es\/wp-json\/wp\/v2\/media?parent=29559"}],"wp:term":[{"taxonomy":"category","embeddable":true,"href":"https:\/\/elhogargallego.cat\/es\/wp-json\/wp\/v2\/categories?post=29559"},{"taxonomy":"post_tag","embeddable":true,"href":"https:\/\/elhogargallego.cat\/es\/wp-json\/wp\/v2\/tags?post=29559"}],"curies":[{"name":"wp","href":"https:\/\/api.w.org\/{rel}","templated":true}]}}