{"id":1616,"date":"2017-12-18T10:28:03","date_gmt":"2017-12-18T10:28:03","guid":{"rendered":"https:\/\/elhogargallego.cat\/es\/?p=1616"},"modified":"2022-08-10T09:26:50","modified_gmt":"2022-08-10T09:26:50","slug":"catalunya-radio-entrevista-a-nuestro-chef-toni-gordillo","status":"publish","type":"post","link":"https:\/\/elhogargallego.cat\/es\/catalunya-radio-entrevista-a-nuestro-chef-toni-gordillo\/","title":{"rendered":"Catalunya R\u00e0dio entrevista a nuestro chef, Toni Gordillo"},"content":{"rendered":"<p>El Hogar Gallego abri\u00f3 sus puertas en Calella (Barcelona) el 1977. Por su cocina han pasado ya tres generaciones. Toni Gordillo Bern\u00e1rdez, hijo de Antonio Gordillo Lavado, es en la actualidad el chef de esta marisquer\u00eda de Calella, que mantiene el&nbsp;equilibrio entre la cocina de mercado de su padre y la innovaci\u00f3n que le otorga su formaci\u00f3n y estancia en algunos de los mejores restaurantes del pa\u00eds. De todo esto y m\u00e1s hablamos el otro d\u00eda durante una entrevista que nos hicieron en el programa &#8216;Que no falti de res&#8217; de Catalunya R\u00e0dio [<a href=\"http:\/\/www.ccma.cat\/catradio\/alacarta\/que-no-falti-de-res\/toni-gordillo-un-tros-de-galicia-a-la-costa-catalana\/audio\/984885\/\" target=\"_blank\" rel=\"noopener\">Escuchar entrevista<\/a>]<\/p>\n<p>Felices de poder compartir con todos los oyentes nuestra pasi\u00f3n, de la que hemos hecho oficio en El Hogar Gallego.<\/p>\n","protected":false},"excerpt":{"rendered":"<p>El Hogar Gallego abri\u00f3 sus puertas en Calella (Barcelona) el 1977. Por su cocina han pasado ya tres generaciones. Toni Gordillo Bern\u00e1rdez, hijo de Antonio Gordillo Lavado, es en la actualidad el chef de esta marisquer\u00eda de Calella, que mantiene el&nbsp;equilibrio entre la cocina de mercado de su padre y la innovaci\u00f3n que le otorga [&hellip;]<\/p>\n","protected":false},"author":2,"featured_media":478,"comment_status":"closed","ping_status":"closed","sticky":false,"template":"","format":"standard","meta":{"footnotes":""},"categories":[15,16],"tags":[],"class_list":["post-1616","post","type-post","status-publish","format-standard","has-post-thumbnail","hentry","category-destacado","category-noticias"],"yoast_head":"<!-- This site is optimized with the Yoast SEO plugin v23.7 - https:\/\/yoast.com\/wordpress\/plugins\/seo\/ -->\n<title>Catalunya R\u00e0dio entrevista a nuestro chef, Toni Gordillo - El Hogar Gallego<\/title>\n<meta name=\"robots\" content=\"index, follow, max-snippet:-1, max-image-preview:large, max-video-preview:-1\" \/>\n<link rel=\"canonical\" href=\"https:\/\/elhogargallego.cat\/es\/catalunya-radio-entrevista-a-nuestro-chef-toni-gordillo\/\" \/>\n<meta property=\"og:locale\" content=\"es_ES\" \/>\n<meta property=\"og:type\" content=\"article\" \/>\n<meta property=\"og:title\" content=\"Catalunya R\u00e0dio entrevista a nuestro chef, Toni Gordillo - El Hogar Gallego\" \/>\n<meta property=\"og:description\" content=\"El Hogar Gallego abri\u00f3 sus puertas en Calella (Barcelona) el 1977. Por su cocina han pasado ya tres generaciones. Toni Gordillo Bern\u00e1rdez, hijo de Antonio Gordillo Lavado, es en la actualidad el chef de esta marisquer\u00eda de Calella, que mantiene el&nbsp;equilibrio entre la cocina de mercado de su padre y la innovaci\u00f3n que le otorga [&hellip;]\" \/>\n<meta property=\"og:url\" content=\"https:\/\/elhogargallego.cat\/es\/catalunya-radio-entrevista-a-nuestro-chef-toni-gordillo\/\" \/>\n<meta property=\"og:site_name\" content=\"El Hogar Gallego\" \/>\n<meta property=\"article:publisher\" content=\"https:\/\/www.facebook.com\/ElHogarGallego\" \/>\n<meta property=\"article:published_time\" content=\"2017-12-18T10:28:03+00:00\" \/>\n<meta property=\"article:modified_time\" content=\"2022-08-10T09:26:50+00:00\" \/>\n<meta property=\"og:image\" content=\"https:\/\/elhogargallego.cat\/wp-content\/uploads\/2016\/02\/JSB_4994-1024x472-1-1.jpg\" \/>\n\t<meta property=\"og:image:width\" content=\"1024\" \/>\n\t<meta property=\"og:image:height\" content=\"472\" \/>\n\t<meta property=\"og:image:type\" content=\"image\/jpeg\" \/>\n<meta name=\"author\" content=\"elhogar\" \/>\n<meta name=\"twitter:card\" content=\"summary_large_image\" \/>\n<meta name=\"twitter:label1\" content=\"Escrito por\" \/>\n\t<meta name=\"twitter:data1\" content=\"elhogar\" \/>\n\t<meta name=\"twitter:label2\" content=\"Tiempo de lectura\" \/>\n\t<meta name=\"twitter:data2\" content=\"1 minuto\" \/>\n<script type=\"application\/ld+json\" class=\"yoast-schema-graph\">{\"@context\":\"https:\/\/schema.org\",\"@graph\":[{\"@type\":\"Article\",\"@id\":\"https:\/\/elhogargallego.cat\/es\/catalunya-radio-entrevista-a-nuestro-chef-toni-gordillo\/#article\",\"isPartOf\":{\"@id\":\"https:\/\/elhogargallego.cat\/es\/catalunya-radio-entrevista-a-nuestro-chef-toni-gordillo\/\"},\"author\":{\"name\":\"elhogar\",\"@id\":\"https:\/\/elhogargallego.cat\/es\/#\/schema\/person\/9c4b2cc2c1753a0a574b9bf8d7bcab3f\"},\"headline\":\"Catalunya R\u00e0dio entrevista a nuestro chef, Toni Gordillo\",\"datePublished\":\"2017-12-18T10:28:03+00:00\",\"dateModified\":\"2022-08-10T09:26:50+00:00\",\"mainEntityOfPage\":{\"@id\":\"https:\/\/elhogargallego.cat\/es\/catalunya-radio-entrevista-a-nuestro-chef-toni-gordillo\/\"},\"wordCount\":134,\"publisher\":{\"@id\":\"https:\/\/elhogargallego.cat\/es\/#organization\"},\"image\":{\"@id\":\"https:\/\/elhogargallego.cat\/es\/catalunya-radio-entrevista-a-nuestro-chef-toni-gordillo\/#primaryimage\"},\"thumbnailUrl\":\"https:\/\/elhogargallego.cat\/wp-content\/uploads\/2016\/02\/JSB_4994-1024x472-1-1.jpg\",\"articleSection\":[\"Destacado Home\",\"Noticias\"],\"inLanguage\":\"es\"},{\"@type\":\"WebPage\",\"@id\":\"https:\/\/elhogargallego.cat\/es\/catalunya-radio-entrevista-a-nuestro-chef-toni-gordillo\/\",\"url\":\"https:\/\/elhogargallego.cat\/es\/catalunya-radio-entrevista-a-nuestro-chef-toni-gordillo\/\",\"name\":\"Catalunya R\u00e0dio entrevista a nuestro chef, Toni Gordillo - El Hogar Gallego\",\"isPartOf\":{\"@id\":\"https:\/\/elhogargallego.cat\/es\/#website\"},\"primaryImageOfPage\":{\"@id\":\"https:\/\/elhogargallego.cat\/es\/catalunya-radio-entrevista-a-nuestro-chef-toni-gordillo\/#primaryimage\"},\"image\":{\"@id\":\"https:\/\/elhogargallego.cat\/es\/catalunya-radio-entrevista-a-nuestro-chef-toni-gordillo\/#primaryimage\"},\"thumbnailUrl\":\"https:\/\/elhogargallego.cat\/wp-content\/uploads\/2016\/02\/JSB_4994-1024x472-1-1.jpg\",\"datePublished\":\"2017-12-18T10:28:03+00:00\",\"dateModified\":\"2022-08-10T09:26:50+00:00\",\"breadcrumb\":{\"@id\":\"https:\/\/elhogargallego.cat\/es\/catalunya-radio-entrevista-a-nuestro-chef-toni-gordillo\/#breadcrumb\"},\"inLanguage\":\"es\",\"potentialAction\":[{\"@type\":\"ReadAction\",\"target\":[\"https:\/\/elhogargallego.cat\/es\/catalunya-radio-entrevista-a-nuestro-chef-toni-gordillo\/\"]}]},{\"@type\":\"ImageObject\",\"inLanguage\":\"es\",\"@id\":\"https:\/\/elhogargallego.cat\/es\/catalunya-radio-entrevista-a-nuestro-chef-toni-gordillo\/#primaryimage\",\"url\":\"https:\/\/elhogargallego.cat\/wp-content\/uploads\/2016\/02\/JSB_4994-1024x472-1-1.jpg\",\"contentUrl\":\"https:\/\/elhogargallego.cat\/wp-content\/uploads\/2016\/02\/JSB_4994-1024x472-1-1.jpg\",\"width\":1024,\"height\":472},{\"@type\":\"BreadcrumbList\",\"@id\":\"https:\/\/elhogargallego.cat\/es\/catalunya-radio-entrevista-a-nuestro-chef-toni-gordillo\/#breadcrumb\",\"itemListElement\":[{\"@type\":\"ListItem\",\"position\":1,\"name\":\"Inici\",\"item\":\"https:\/\/elhogargallego.cat\/es\/\"},{\"@type\":\"ListItem\",\"position\":2,\"name\":\"Catalunya R\u00e0dio entrevista a nuestro chef, Toni Gordillo\"}]},{\"@type\":\"WebSite\",\"@id\":\"https:\/\/elhogargallego.cat\/es\/#website\",\"url\":\"https:\/\/elhogargallego.cat\/es\/\",\"name\":\"El Hogar Gallego\",\"description\":\"\",\"publisher\":{\"@id\":\"https:\/\/elhogargallego.cat\/es\/#organization\"},\"potentialAction\":[{\"@type\":\"SearchAction\",\"target\":{\"@type\":\"EntryPoint\",\"urlTemplate\":\"https:\/\/elhogargallego.cat\/es\/?s={search_term_string}\"},\"query-input\":{\"@type\":\"PropertyValueSpecification\",\"valueRequired\":true,\"valueName\":\"search_term_string\"}}],\"inLanguage\":\"es\"},{\"@type\":\"Organization\",\"@id\":\"https:\/\/elhogargallego.cat\/es\/#organization\",\"name\":\"El Hogar Gallego\",\"url\":\"https:\/\/elhogargallego.cat\/es\/\",\"logo\":{\"@type\":\"ImageObject\",\"inLanguage\":\"es\",\"@id\":\"https:\/\/elhogargallego.cat\/es\/#\/schema\/logo\/image\/\",\"url\":\"https:\/\/elhogargallego.cat\/wp-content\/uploads\/2025\/02\/logo50.png\",\"contentUrl\":\"https:\/\/elhogargallego.cat\/wp-content\/uploads\/2025\/02\/logo50.png\",\"width\":150,\"height\":114,\"caption\":\"El Hogar Gallego\"},\"image\":{\"@id\":\"https:\/\/elhogargallego.cat\/es\/#\/schema\/logo\/image\/\"},\"sameAs\":[\"https:\/\/www.facebook.com\/ElHogarGallego\",\"http:\/\/instagram.com\/elhogargallego\",\"http:\/\/www.youtube.com\/haciendahogargallego\",\"https:\/\/www.tripadvisor.es\/Restaurant_Review-g580327-d997075-Reviews-El_Hogar_Gallego-Calella_Catalonia.html\"]},{\"@type\":\"Person\",\"@id\":\"https:\/\/elhogargallego.cat\/es\/#\/schema\/person\/9c4b2cc2c1753a0a574b9bf8d7bcab3f\",\"name\":\"elhogar\",\"url\":\"https:\/\/elhogargallego.cat\/es\/author\/elhogar\/\"}]}<\/script>\n<!-- \/ Yoast SEO plugin. -->","yoast_head_json":{"title":"Catalunya R\u00e0dio entrevista a nuestro chef, Toni Gordillo - El Hogar Gallego","robots":{"index":"index","follow":"follow","max-snippet":"max-snippet:-1","max-image-preview":"max-image-preview:large","max-video-preview":"max-video-preview:-1"},"canonical":"https:\/\/elhogargallego.cat\/es\/catalunya-radio-entrevista-a-nuestro-chef-toni-gordillo\/","og_locale":"es_ES","og_type":"article","og_title":"Catalunya R\u00e0dio entrevista a nuestro chef, Toni Gordillo - El Hogar Gallego","og_description":"El Hogar Gallego abri\u00f3 sus puertas en Calella (Barcelona) el 1977. Por su cocina han pasado ya tres generaciones. Toni Gordillo Bern\u00e1rdez, hijo de Antonio Gordillo Lavado, es en la actualidad el chef de esta marisquer\u00eda de Calella, que mantiene el&nbsp;equilibrio entre la cocina de mercado de su padre y la innovaci\u00f3n que le otorga [&hellip;]","og_url":"https:\/\/elhogargallego.cat\/es\/catalunya-radio-entrevista-a-nuestro-chef-toni-gordillo\/","og_site_name":"El Hogar Gallego","article_publisher":"https:\/\/www.facebook.com\/ElHogarGallego","article_published_time":"2017-12-18T10:28:03+00:00","article_modified_time":"2022-08-10T09:26:50+00:00","og_image":[{"width":1024,"height":472,"url":"https:\/\/elhogargallego.cat\/wp-content\/uploads\/2016\/02\/JSB_4994-1024x472-1-1.jpg","type":"image\/jpeg"}],"author":"elhogar","twitter_card":"summary_large_image","twitter_misc":{"Escrito por":"elhogar","Tiempo de lectura":"1 minuto"},"schema":{"@context":"https:\/\/schema.org","@graph":[{"@type":"Article","@id":"https:\/\/elhogargallego.cat\/es\/catalunya-radio-entrevista-a-nuestro-chef-toni-gordillo\/#article","isPartOf":{"@id":"https:\/\/elhogargallego.cat\/es\/catalunya-radio-entrevista-a-nuestro-chef-toni-gordillo\/"},"author":{"name":"elhogar","@id":"https:\/\/elhogargallego.cat\/es\/#\/schema\/person\/9c4b2cc2c1753a0a574b9bf8d7bcab3f"},"headline":"Catalunya R\u00e0dio entrevista a nuestro chef, Toni Gordillo","datePublished":"2017-12-18T10:28:03+00:00","dateModified":"2022-08-10T09:26:50+00:00","mainEntityOfPage":{"@id":"https:\/\/elhogargallego.cat\/es\/catalunya-radio-entrevista-a-nuestro-chef-toni-gordillo\/"},"wordCount":134,"publisher":{"@id":"https:\/\/elhogargallego.cat\/es\/#organization"},"image":{"@id":"https:\/\/elhogargallego.cat\/es\/catalunya-radio-entrevista-a-nuestro-chef-toni-gordillo\/#primaryimage"},"thumbnailUrl":"https:\/\/elhogargallego.cat\/wp-content\/uploads\/2016\/02\/JSB_4994-1024x472-1-1.jpg","articleSection":["Destacado Home","Noticias"],"inLanguage":"es"},{"@type":"WebPage","@id":"https:\/\/elhogargallego.cat\/es\/catalunya-radio-entrevista-a-nuestro-chef-toni-gordillo\/","url":"https:\/\/elhogargallego.cat\/es\/catalunya-radio-entrevista-a-nuestro-chef-toni-gordillo\/","name":"Catalunya R\u00e0dio entrevista a nuestro chef, Toni Gordillo - El Hogar Gallego","isPartOf":{"@id":"https:\/\/elhogargallego.cat\/es\/#website"},"primaryImageOfPage":{"@id":"https:\/\/elhogargallego.cat\/es\/catalunya-radio-entrevista-a-nuestro-chef-toni-gordillo\/#primaryimage"},"image":{"@id":"https:\/\/elhogargallego.cat\/es\/catalunya-radio-entrevista-a-nuestro-chef-toni-gordillo\/#primaryimage"},"thumbnailUrl":"https:\/\/elhogargallego.cat\/wp-content\/uploads\/2016\/02\/JSB_4994-1024x472-1-1.jpg","datePublished":"2017-12-18T10:28:03+00:00","dateModified":"2022-08-10T09:26:50+00:00","breadcrumb":{"@id":"https:\/\/elhogargallego.cat\/es\/catalunya-radio-entrevista-a-nuestro-chef-toni-gordillo\/#breadcrumb"},"inLanguage":"es","potentialAction":[{"@type":"ReadAction","target":["https:\/\/elhogargallego.cat\/es\/catalunya-radio-entrevista-a-nuestro-chef-toni-gordillo\/"]}]},{"@type":"ImageObject","inLanguage":"es","@id":"https:\/\/elhogargallego.cat\/es\/catalunya-radio-entrevista-a-nuestro-chef-toni-gordillo\/#primaryimage","url":"https:\/\/elhogargallego.cat\/wp-content\/uploads\/2016\/02\/JSB_4994-1024x472-1-1.jpg","contentUrl":"https:\/\/elhogargallego.cat\/wp-content\/uploads\/2016\/02\/JSB_4994-1024x472-1-1.jpg","width":1024,"height":472},{"@type":"BreadcrumbList","@id":"https:\/\/elhogargallego.cat\/es\/catalunya-radio-entrevista-a-nuestro-chef-toni-gordillo\/#breadcrumb","itemListElement":[{"@type":"ListItem","position":1,"name":"Inici","item":"https:\/\/elhogargallego.cat\/es\/"},{"@type":"ListItem","position":2,"name":"Catalunya R\u00e0dio entrevista a nuestro chef, Toni Gordillo"}]},{"@type":"WebSite","@id":"https:\/\/elhogargallego.cat\/es\/#website","url":"https:\/\/elhogargallego.cat\/es\/","name":"El Hogar Gallego","description":"","publisher":{"@id":"https:\/\/elhogargallego.cat\/es\/#organization"},"potentialAction":[{"@type":"SearchAction","target":{"@type":"EntryPoint","urlTemplate":"https:\/\/elhogargallego.cat\/es\/?s={search_term_string}"},"query-input":{"@type":"PropertyValueSpecification","valueRequired":true,"valueName":"search_term_string"}}],"inLanguage":"es"},{"@type":"Organization","@id":"https:\/\/elhogargallego.cat\/es\/#organization","name":"El Hogar Gallego","url":"https:\/\/elhogargallego.cat\/es\/","logo":{"@type":"ImageObject","inLanguage":"es","@id":"https:\/\/elhogargallego.cat\/es\/#\/schema\/logo\/image\/","url":"https:\/\/elhogargallego.cat\/wp-content\/uploads\/2025\/02\/logo50.png","contentUrl":"https:\/\/elhogargallego.cat\/wp-content\/uploads\/2025\/02\/logo50.png","width":150,"height":114,"caption":"El Hogar Gallego"},"image":{"@id":"https:\/\/elhogargallego.cat\/es\/#\/schema\/logo\/image\/"},"sameAs":["https:\/\/www.facebook.com\/ElHogarGallego","http:\/\/instagram.com\/elhogargallego","http:\/\/www.youtube.com\/haciendahogargallego","https:\/\/www.tripadvisor.es\/Restaurant_Review-g580327-d997075-Reviews-El_Hogar_Gallego-Calella_Catalonia.html"]},{"@type":"Person","@id":"https:\/\/elhogargallego.cat\/es\/#\/schema\/person\/9c4b2cc2c1753a0a574b9bf8d7bcab3f","name":"elhogar","url":"https:\/\/elhogargallego.cat\/es\/author\/elhogar\/"}]}},"_links":{"self":[{"href":"https:\/\/elhogargallego.cat\/es\/wp-json\/wp\/v2\/posts\/1616"}],"collection":[{"href":"https:\/\/elhogargallego.cat\/es\/wp-json\/wp\/v2\/posts"}],"about":[{"href":"https:\/\/elhogargallego.cat\/es\/wp-json\/wp\/v2\/types\/post"}],"author":[{"embeddable":true,"href":"https:\/\/elhogargallego.cat\/es\/wp-json\/wp\/v2\/users\/2"}],"replies":[{"embeddable":true,"href":"https:\/\/elhogargallego.cat\/es\/wp-json\/wp\/v2\/comments?post=1616"}],"version-history":[{"count":2,"href":"https:\/\/elhogargallego.cat\/es\/wp-json\/wp\/v2\/posts\/1616\/revisions"}],"predecessor-version":[{"id":28203,"href":"https:\/\/elhogargallego.cat\/es\/wp-json\/wp\/v2\/posts\/1616\/revisions\/28203"}],"wp:featuredmedia":[{"embeddable":true,"href":"https:\/\/elhogargallego.cat\/es\/wp-json\/wp\/v2\/media\/478"}],"wp:attachment":[{"href":"https:\/\/elhogargallego.cat\/es\/wp-json\/wp\/v2\/media?parent=1616"}],"wp:term":[{"taxonomy":"category","embeddable":true,"href":"https:\/\/elhogargallego.cat\/es\/wp-json\/wp\/v2\/categories?post=1616"},{"taxonomy":"post_tag","embeddable":true,"href":"https:\/\/elhogargallego.cat\/es\/wp-json\/wp\/v2\/tags?post=1616"}],"curies":[{"name":"wp","href":"https:\/\/api.w.org\/{rel}","templated":true}]}}