{"id":1506,"date":"2017-08-11T12:02:35","date_gmt":"2017-08-11T12:02:35","guid":{"rendered":"http:\/\/elhogargallego.cat\/es\/?p=1506"},"modified":"2022-08-10T09:28:48","modified_gmt":"2022-08-10T09:28:48","slug":"el-tomate-el-ingrediente-estrella-de-la-gastronomia-mediterranea-2","status":"publish","type":"post","link":"https:\/\/elhogargallego.cat\/es\/el-tomate-el-ingrediente-estrella-de-la-gastronomia-mediterranea-2\/","title":{"rendered":"El tomate, el ingrediente estrella de la gastronom\u00eda mediterr\u00e1nea"},"content":{"rendered":"<p>El tomate se ha ganado el t\u00edtulo de vegetal m\u00e1s vers\u00e1til dentro de la cocina espa\u00f1ola y en conserva ha favorecido que este fruto pueda disfrutarse a lo largo de todo el a\u00f1o. El tomate lleva cinco siglos presente en la gastronom\u00eda espa\u00f1ola y se ha convertido en estandarte de la Dieta Mediterr\u00e1nea convirti\u00e9ndose en un ingrediente imprescindible de nuestra despensa, sobre todo, en verano.<\/p>\n<p><a href=\"https:\/\/elhogargallego.cat\/wp-content\/uploads\/2017\/08\/WhatsApp-Image-2017-08-08-at-14.15.48.jpeg\" rel=\"attachment wp-att-1498\"><img fetchpriority=\"high\" decoding=\"async\" class=\"aligncenter size-medium wp-image-1498\" src=\"http:\/\/elhogargallego.cat\/wp-content\/uploads\/2017\/08\/WhatsApp-Image-2017-08-08-at-14.15.48-300x169.jpeg\" alt=\"WhatsApp Image 2017-08-08 at 14.15.48\" width=\"300\" height=\"169\" srcset=\"https:\/\/elhogargallego.cat\/wp-content\/uploads\/2017\/08\/WhatsApp-Image-2017-08-08-at-14.15.48-300x169.jpeg 300w, https:\/\/elhogargallego.cat\/wp-content\/uploads\/2017\/08\/WhatsApp-Image-2017-08-08-at-14.15.48-1024x577.jpeg 1024w, https:\/\/elhogargallego.cat\/wp-content\/uploads\/2017\/08\/WhatsApp-Image-2017-08-08-at-14.15.48-768x432.jpeg 768w, https:\/\/elhogargallego.cat\/wp-content\/uploads\/2017\/08\/WhatsApp-Image-2017-08-08-at-14.15.48-1536x865.jpeg 1536w, https:\/\/elhogargallego.cat\/wp-content\/uploads\/2017\/08\/WhatsApp-Image-2017-08-08-at-14.15.48.jpeg 1600w\" sizes=\"(max-width: 300px) 100vw, 300px\" \/><\/a><\/p>\n<p>Si quer\u00e9is probar tomates de los de VERDAD, de los de antes, en el Hogar Gallego disponemos de tres variedades&nbsp;seleccionadas para nuestros clientes que har\u00e1n las delicias de vuestro paladar porqu\u00e9 hemos elegido las variedades que recuperan las antiguas, un ejercicio que est\u00e1 permitiendo volver al sabor que siempre ha caracterizado a este producto. Tomate, un poco de sal Maldon y un toque de aceite de oliva virgen y tenemos un gran plato<\/p>\n<p><strong>\u00bfQu\u00e9 variedades hemos seleccionado?<\/strong><\/p>\n<ul>\n<li><strong>Tomate de Barbastro:<\/strong>&nbsp;El tomate rosa de Barbastro es una variedad de tomate&nbsp;procedente de Barbastro, un pueblo de la provincia de Huesca, en Arag\u00f3n. El tomate rosa de Barbastro es un tomate grande muy carnoso y con una piel fina, apenas tiene semillas, es dulce y tiene muy poca acidez. \u200b Su color, tal como indica su nombre, tiene una tonalidad rosada en lugar del rojo intenso que suelen tener otras variedades de tomate. Adem\u00e1s de por su color, destaca por su tama\u00f1o, que suele ser bastante m\u00e1s grande que la mayor\u00eda.<\/li>\n<\/ul>\n<ul>\n<li><strong>Tomate Feo de Tudela<\/strong>: Es un tomate antiguo de la variedad Marmande que se cultiva sobre todo en la ribera de Navarra. Un tomate que sabe&nbsp;a lo que tiene que saber y oler, a tomate. De carne jugosa con color del rojo al rosado, casi sin pepitas y piel firme pero muy fina es ideal para preparar platos d\u00f3nde este producto sea el principal protagonista.<\/li>\n<\/ul>\n<p>\u00b7&nbsp;&nbsp;&nbsp;&nbsp;&nbsp;&nbsp;&nbsp;&nbsp;&nbsp;<strong>Tomate del Pebrot o Pimentero:&nbsp;<\/strong>&nbsp;Esta variedad de tomates son alargados y con una forma que recuerda a la de algunas variedades de pimiento. Desde el punto de vista gastron\u00f3mico, son tomates carnosos, llenos de pulpa pero con poco jugo, pocas semillas muy peque\u00f1as y con alg\u00fan espacio vac\u00edo en el interior.<\/p>\n<p><a href=\"https:\/\/elhogargallego.cat\/wp-content\/uploads\/2017\/08\/WhatsApp-Image-2017-08-08-at-14.15.31.jpeg\" rel=\"attachment wp-att-1501\"><img decoding=\"async\" class=\"aligncenter size-medium wp-image-1501\" src=\"http:\/\/elhogargallego.cat\/wp-content\/uploads\/2017\/08\/WhatsApp-Image-2017-08-08-at-14.15.31-300x169.jpeg\" alt=\"WhatsApp Image 2017-08-08 at 14.15.31\" width=\"300\" height=\"169\" srcset=\"https:\/\/elhogargallego.cat\/wp-content\/uploads\/2017\/08\/WhatsApp-Image-2017-08-08-at-14.15.31-300x169.jpeg 300w, https:\/\/elhogargallego.cat\/wp-content\/uploads\/2017\/08\/WhatsApp-Image-2017-08-08-at-14.15.31-1024x577.jpeg 1024w, https:\/\/elhogargallego.cat\/wp-content\/uploads\/2017\/08\/WhatsApp-Image-2017-08-08-at-14.15.31-768x432.jpeg 768w, https:\/\/elhogargallego.cat\/wp-content\/uploads\/2017\/08\/WhatsApp-Image-2017-08-08-at-14.15.31-1536x865.jpeg 1536w, https:\/\/elhogargallego.cat\/wp-content\/uploads\/2017\/08\/WhatsApp-Image-2017-08-08-at-14.15.31.jpeg 1600w\" sizes=\"(max-width: 300px) 100vw, 300px\" \/><\/a><\/p>\n<p>Si eres amante del tomate y quieres volver a saborear un tomate de los de toda la vida, no lo dudes y consulta nuestra carta para descubrir el sabor m\u00e1s aut\u00e9ntico de uno de los productos estrella de la cocina mediterr\u00e1nea.<\/p>\n","protected":false},"excerpt":{"rendered":"<p>El tomate se ha ganado el t\u00edtulo de vegetal m\u00e1s vers\u00e1til dentro de la cocina espa\u00f1ola y en conserva ha favorecido que este fruto pueda disfrutarse a lo largo de todo el a\u00f1o. El tomate lleva cinco siglos presente en la gastronom\u00eda espa\u00f1ola y se ha convertido en estandarte de la Dieta Mediterr\u00e1nea convirti\u00e9ndose en [&hellip;]<\/p>\n","protected":false},"author":2,"featured_media":1498,"comment_status":"closed","ping_status":"closed","sticky":false,"template":"","format":"standard","meta":{"footnotes":""},"categories":[15,16],"tags":[],"class_list":["post-1506","post","type-post","status-publish","format-standard","has-post-thumbnail","hentry","category-destacado","category-noticias"],"yoast_head":"<!-- This site is optimized with the Yoast SEO plugin v23.7 - https:\/\/yoast.com\/wordpress\/plugins\/seo\/ -->\n<title>El tomate, el ingrediente estrella de la gastronom\u00eda mediterr\u00e1nea - El Hogar Gallego<\/title>\n<meta name=\"robots\" content=\"index, follow, max-snippet:-1, max-image-preview:large, max-video-preview:-1\" \/>\n<link rel=\"canonical\" href=\"https:\/\/elhogargallego.cat\/es\/el-tomate-el-ingrediente-estrella-de-la-gastronomia-mediterranea-2\/\" \/>\n<meta property=\"og:locale\" content=\"es_ES\" \/>\n<meta property=\"og:type\" content=\"article\" \/>\n<meta property=\"og:title\" content=\"El tomate, el ingrediente estrella de la gastronom\u00eda mediterr\u00e1nea - El Hogar Gallego\" \/>\n<meta property=\"og:description\" content=\"El tomate se ha ganado el t\u00edtulo de vegetal m\u00e1s vers\u00e1til dentro de la cocina espa\u00f1ola y en conserva ha favorecido que este fruto pueda disfrutarse a lo largo de todo el a\u00f1o. El tomate lleva cinco siglos presente en la gastronom\u00eda espa\u00f1ola y se ha convertido en estandarte de la Dieta Mediterr\u00e1nea convirti\u00e9ndose en [&hellip;]\" \/>\n<meta property=\"og:url\" content=\"https:\/\/elhogargallego.cat\/es\/el-tomate-el-ingrediente-estrella-de-la-gastronomia-mediterranea-2\/\" \/>\n<meta property=\"og:site_name\" content=\"El Hogar Gallego\" \/>\n<meta property=\"article:publisher\" content=\"https:\/\/www.facebook.com\/ElHogarGallego\" \/>\n<meta property=\"article:published_time\" content=\"2017-08-11T12:02:35+00:00\" \/>\n<meta property=\"article:modified_time\" content=\"2022-08-10T09:28:48+00:00\" \/>\n<meta property=\"og:image\" content=\"https:\/\/elhogargallego.cat\/wp-content\/uploads\/2017\/08\/WhatsApp-Image-2017-08-08-at-14.15.48.jpeg\" \/>\n\t<meta property=\"og:image:width\" content=\"1600\" \/>\n\t<meta property=\"og:image:height\" content=\"901\" \/>\n\t<meta property=\"og:image:type\" content=\"image\/jpeg\" \/>\n<meta name=\"author\" content=\"elhogar\" \/>\n<meta name=\"twitter:card\" content=\"summary_large_image\" \/>\n<meta name=\"twitter:label1\" content=\"Escrito por\" \/>\n\t<meta name=\"twitter:data1\" content=\"elhogar\" \/>\n\t<meta name=\"twitter:label2\" content=\"Tiempo de lectura\" \/>\n\t<meta name=\"twitter:data2\" content=\"2 minutos\" \/>\n<script type=\"application\/ld+json\" class=\"yoast-schema-graph\">{\"@context\":\"https:\/\/schema.org\",\"@graph\":[{\"@type\":\"Article\",\"@id\":\"https:\/\/elhogargallego.cat\/es\/el-tomate-el-ingrediente-estrella-de-la-gastronomia-mediterranea-2\/#article\",\"isPartOf\":{\"@id\":\"https:\/\/elhogargallego.cat\/es\/el-tomate-el-ingrediente-estrella-de-la-gastronomia-mediterranea-2\/\"},\"author\":{\"name\":\"elhogar\",\"@id\":\"https:\/\/elhogargallego.cat\/es\/#\/schema\/person\/9c4b2cc2c1753a0a574b9bf8d7bcab3f\"},\"headline\":\"El tomate, el ingrediente estrella de la gastronom\u00eda mediterr\u00e1nea\",\"datePublished\":\"2017-08-11T12:02:35+00:00\",\"dateModified\":\"2022-08-10T09:28:48+00:00\",\"mainEntityOfPage\":{\"@id\":\"https:\/\/elhogargallego.cat\/es\/el-tomate-el-ingrediente-estrella-de-la-gastronomia-mediterranea-2\/\"},\"wordCount\":444,\"publisher\":{\"@id\":\"https:\/\/elhogargallego.cat\/es\/#organization\"},\"image\":{\"@id\":\"https:\/\/elhogargallego.cat\/es\/el-tomate-el-ingrediente-estrella-de-la-gastronomia-mediterranea-2\/#primaryimage\"},\"thumbnailUrl\":\"https:\/\/elhogargallego.cat\/wp-content\/uploads\/2017\/08\/WhatsApp-Image-2017-08-08-at-14.15.48.jpeg\",\"articleSection\":[\"Destacado Home\",\"Noticias\"],\"inLanguage\":\"es\"},{\"@type\":\"WebPage\",\"@id\":\"https:\/\/elhogargallego.cat\/es\/el-tomate-el-ingrediente-estrella-de-la-gastronomia-mediterranea-2\/\",\"url\":\"https:\/\/elhogargallego.cat\/es\/el-tomate-el-ingrediente-estrella-de-la-gastronomia-mediterranea-2\/\",\"name\":\"El tomate, el ingrediente estrella de la gastronom\u00eda mediterr\u00e1nea - El Hogar Gallego\",\"isPartOf\":{\"@id\":\"https:\/\/elhogargallego.cat\/es\/#website\"},\"primaryImageOfPage\":{\"@id\":\"https:\/\/elhogargallego.cat\/es\/el-tomate-el-ingrediente-estrella-de-la-gastronomia-mediterranea-2\/#primaryimage\"},\"image\":{\"@id\":\"https:\/\/elhogargallego.cat\/es\/el-tomate-el-ingrediente-estrella-de-la-gastronomia-mediterranea-2\/#primaryimage\"},\"thumbnailUrl\":\"https:\/\/elhogargallego.cat\/wp-content\/uploads\/2017\/08\/WhatsApp-Image-2017-08-08-at-14.15.48.jpeg\",\"datePublished\":\"2017-08-11T12:02:35+00:00\",\"dateModified\":\"2022-08-10T09:28:48+00:00\",\"breadcrumb\":{\"@id\":\"https:\/\/elhogargallego.cat\/es\/el-tomate-el-ingrediente-estrella-de-la-gastronomia-mediterranea-2\/#breadcrumb\"},\"inLanguage\":\"es\",\"potentialAction\":[{\"@type\":\"ReadAction\",\"target\":[\"https:\/\/elhogargallego.cat\/es\/el-tomate-el-ingrediente-estrella-de-la-gastronomia-mediterranea-2\/\"]}]},{\"@type\":\"ImageObject\",\"inLanguage\":\"es\",\"@id\":\"https:\/\/elhogargallego.cat\/es\/el-tomate-el-ingrediente-estrella-de-la-gastronomia-mediterranea-2\/#primaryimage\",\"url\":\"https:\/\/elhogargallego.cat\/wp-content\/uploads\/2017\/08\/WhatsApp-Image-2017-08-08-at-14.15.48.jpeg\",\"contentUrl\":\"https:\/\/elhogargallego.cat\/wp-content\/uploads\/2017\/08\/WhatsApp-Image-2017-08-08-at-14.15.48.jpeg\",\"width\":1600,\"height\":901},{\"@type\":\"BreadcrumbList\",\"@id\":\"https:\/\/elhogargallego.cat\/es\/el-tomate-el-ingrediente-estrella-de-la-gastronomia-mediterranea-2\/#breadcrumb\",\"itemListElement\":[{\"@type\":\"ListItem\",\"position\":1,\"name\":\"Inici\",\"item\":\"https:\/\/elhogargallego.cat\/es\/\"},{\"@type\":\"ListItem\",\"position\":2,\"name\":\"El tomate, el ingrediente estrella de la gastronom\u00eda mediterr\u00e1nea\"}]},{\"@type\":\"WebSite\",\"@id\":\"https:\/\/elhogargallego.cat\/es\/#website\",\"url\":\"https:\/\/elhogargallego.cat\/es\/\",\"name\":\"El Hogar Gallego\",\"description\":\"\",\"publisher\":{\"@id\":\"https:\/\/elhogargallego.cat\/es\/#organization\"},\"potentialAction\":[{\"@type\":\"SearchAction\",\"target\":{\"@type\":\"EntryPoint\",\"urlTemplate\":\"https:\/\/elhogargallego.cat\/es\/?s={search_term_string}\"},\"query-input\":{\"@type\":\"PropertyValueSpecification\",\"valueRequired\":true,\"valueName\":\"search_term_string\"}}],\"inLanguage\":\"es\"},{\"@type\":\"Organization\",\"@id\":\"https:\/\/elhogargallego.cat\/es\/#organization\",\"name\":\"El Hogar Gallego\",\"url\":\"https:\/\/elhogargallego.cat\/es\/\",\"logo\":{\"@type\":\"ImageObject\",\"inLanguage\":\"es\",\"@id\":\"https:\/\/elhogargallego.cat\/es\/#\/schema\/logo\/image\/\",\"url\":\"https:\/\/elhogargallego.cat\/wp-content\/uploads\/2025\/02\/logo50.png\",\"contentUrl\":\"https:\/\/elhogargallego.cat\/wp-content\/uploads\/2025\/02\/logo50.png\",\"width\":150,\"height\":114,\"caption\":\"El Hogar Gallego\"},\"image\":{\"@id\":\"https:\/\/elhogargallego.cat\/es\/#\/schema\/logo\/image\/\"},\"sameAs\":[\"https:\/\/www.facebook.com\/ElHogarGallego\",\"http:\/\/instagram.com\/elhogargallego\",\"http:\/\/www.youtube.com\/haciendahogargallego\",\"https:\/\/www.tripadvisor.es\/Restaurant_Review-g580327-d997075-Reviews-El_Hogar_Gallego-Calella_Catalonia.html\"]},{\"@type\":\"Person\",\"@id\":\"https:\/\/elhogargallego.cat\/es\/#\/schema\/person\/9c4b2cc2c1753a0a574b9bf8d7bcab3f\",\"name\":\"elhogar\",\"url\":\"https:\/\/elhogargallego.cat\/es\/author\/elhogar\/\"}]}<\/script>\n<!-- \/ Yoast SEO plugin. -->","yoast_head_json":{"title":"El tomate, el ingrediente estrella de la gastronom\u00eda mediterr\u00e1nea - El Hogar Gallego","robots":{"index":"index","follow":"follow","max-snippet":"max-snippet:-1","max-image-preview":"max-image-preview:large","max-video-preview":"max-video-preview:-1"},"canonical":"https:\/\/elhogargallego.cat\/es\/el-tomate-el-ingrediente-estrella-de-la-gastronomia-mediterranea-2\/","og_locale":"es_ES","og_type":"article","og_title":"El tomate, el ingrediente estrella de la gastronom\u00eda mediterr\u00e1nea - El Hogar Gallego","og_description":"El tomate se ha ganado el t\u00edtulo de vegetal m\u00e1s vers\u00e1til dentro de la cocina espa\u00f1ola y en conserva ha favorecido que este fruto pueda disfrutarse a lo largo de todo el a\u00f1o. El tomate lleva cinco siglos presente en la gastronom\u00eda espa\u00f1ola y se ha convertido en estandarte de la Dieta Mediterr\u00e1nea convirti\u00e9ndose en [&hellip;]","og_url":"https:\/\/elhogargallego.cat\/es\/el-tomate-el-ingrediente-estrella-de-la-gastronomia-mediterranea-2\/","og_site_name":"El Hogar Gallego","article_publisher":"https:\/\/www.facebook.com\/ElHogarGallego","article_published_time":"2017-08-11T12:02:35+00:00","article_modified_time":"2022-08-10T09:28:48+00:00","og_image":[{"width":1600,"height":901,"url":"https:\/\/elhogargallego.cat\/wp-content\/uploads\/2017\/08\/WhatsApp-Image-2017-08-08-at-14.15.48.jpeg","type":"image\/jpeg"}],"author":"elhogar","twitter_card":"summary_large_image","twitter_misc":{"Escrito por":"elhogar","Tiempo de lectura":"2 minutos"},"schema":{"@context":"https:\/\/schema.org","@graph":[{"@type":"Article","@id":"https:\/\/elhogargallego.cat\/es\/el-tomate-el-ingrediente-estrella-de-la-gastronomia-mediterranea-2\/#article","isPartOf":{"@id":"https:\/\/elhogargallego.cat\/es\/el-tomate-el-ingrediente-estrella-de-la-gastronomia-mediterranea-2\/"},"author":{"name":"elhogar","@id":"https:\/\/elhogargallego.cat\/es\/#\/schema\/person\/9c4b2cc2c1753a0a574b9bf8d7bcab3f"},"headline":"El tomate, el ingrediente estrella de la gastronom\u00eda mediterr\u00e1nea","datePublished":"2017-08-11T12:02:35+00:00","dateModified":"2022-08-10T09:28:48+00:00","mainEntityOfPage":{"@id":"https:\/\/elhogargallego.cat\/es\/el-tomate-el-ingrediente-estrella-de-la-gastronomia-mediterranea-2\/"},"wordCount":444,"publisher":{"@id":"https:\/\/elhogargallego.cat\/es\/#organization"},"image":{"@id":"https:\/\/elhogargallego.cat\/es\/el-tomate-el-ingrediente-estrella-de-la-gastronomia-mediterranea-2\/#primaryimage"},"thumbnailUrl":"https:\/\/elhogargallego.cat\/wp-content\/uploads\/2017\/08\/WhatsApp-Image-2017-08-08-at-14.15.48.jpeg","articleSection":["Destacado Home","Noticias"],"inLanguage":"es"},{"@type":"WebPage","@id":"https:\/\/elhogargallego.cat\/es\/el-tomate-el-ingrediente-estrella-de-la-gastronomia-mediterranea-2\/","url":"https:\/\/elhogargallego.cat\/es\/el-tomate-el-ingrediente-estrella-de-la-gastronomia-mediterranea-2\/","name":"El tomate, el ingrediente estrella de la gastronom\u00eda mediterr\u00e1nea - El Hogar Gallego","isPartOf":{"@id":"https:\/\/elhogargallego.cat\/es\/#website"},"primaryImageOfPage":{"@id":"https:\/\/elhogargallego.cat\/es\/el-tomate-el-ingrediente-estrella-de-la-gastronomia-mediterranea-2\/#primaryimage"},"image":{"@id":"https:\/\/elhogargallego.cat\/es\/el-tomate-el-ingrediente-estrella-de-la-gastronomia-mediterranea-2\/#primaryimage"},"thumbnailUrl":"https:\/\/elhogargallego.cat\/wp-content\/uploads\/2017\/08\/WhatsApp-Image-2017-08-08-at-14.15.48.jpeg","datePublished":"2017-08-11T12:02:35+00:00","dateModified":"2022-08-10T09:28:48+00:00","breadcrumb":{"@id":"https:\/\/elhogargallego.cat\/es\/el-tomate-el-ingrediente-estrella-de-la-gastronomia-mediterranea-2\/#breadcrumb"},"inLanguage":"es","potentialAction":[{"@type":"ReadAction","target":["https:\/\/elhogargallego.cat\/es\/el-tomate-el-ingrediente-estrella-de-la-gastronomia-mediterranea-2\/"]}]},{"@type":"ImageObject","inLanguage":"es","@id":"https:\/\/elhogargallego.cat\/es\/el-tomate-el-ingrediente-estrella-de-la-gastronomia-mediterranea-2\/#primaryimage","url":"https:\/\/elhogargallego.cat\/wp-content\/uploads\/2017\/08\/WhatsApp-Image-2017-08-08-at-14.15.48.jpeg","contentUrl":"https:\/\/elhogargallego.cat\/wp-content\/uploads\/2017\/08\/WhatsApp-Image-2017-08-08-at-14.15.48.jpeg","width":1600,"height":901},{"@type":"BreadcrumbList","@id":"https:\/\/elhogargallego.cat\/es\/el-tomate-el-ingrediente-estrella-de-la-gastronomia-mediterranea-2\/#breadcrumb","itemListElement":[{"@type":"ListItem","position":1,"name":"Inici","item":"https:\/\/elhogargallego.cat\/es\/"},{"@type":"ListItem","position":2,"name":"El tomate, el ingrediente estrella de la gastronom\u00eda mediterr\u00e1nea"}]},{"@type":"WebSite","@id":"https:\/\/elhogargallego.cat\/es\/#website","url":"https:\/\/elhogargallego.cat\/es\/","name":"El Hogar Gallego","description":"","publisher":{"@id":"https:\/\/elhogargallego.cat\/es\/#organization"},"potentialAction":[{"@type":"SearchAction","target":{"@type":"EntryPoint","urlTemplate":"https:\/\/elhogargallego.cat\/es\/?s={search_term_string}"},"query-input":{"@type":"PropertyValueSpecification","valueRequired":true,"valueName":"search_term_string"}}],"inLanguage":"es"},{"@type":"Organization","@id":"https:\/\/elhogargallego.cat\/es\/#organization","name":"El Hogar Gallego","url":"https:\/\/elhogargallego.cat\/es\/","logo":{"@type":"ImageObject","inLanguage":"es","@id":"https:\/\/elhogargallego.cat\/es\/#\/schema\/logo\/image\/","url":"https:\/\/elhogargallego.cat\/wp-content\/uploads\/2025\/02\/logo50.png","contentUrl":"https:\/\/elhogargallego.cat\/wp-content\/uploads\/2025\/02\/logo50.png","width":150,"height":114,"caption":"El Hogar Gallego"},"image":{"@id":"https:\/\/elhogargallego.cat\/es\/#\/schema\/logo\/image\/"},"sameAs":["https:\/\/www.facebook.com\/ElHogarGallego","http:\/\/instagram.com\/elhogargallego","http:\/\/www.youtube.com\/haciendahogargallego","https:\/\/www.tripadvisor.es\/Restaurant_Review-g580327-d997075-Reviews-El_Hogar_Gallego-Calella_Catalonia.html"]},{"@type":"Person","@id":"https:\/\/elhogargallego.cat\/es\/#\/schema\/person\/9c4b2cc2c1753a0a574b9bf8d7bcab3f","name":"elhogar","url":"https:\/\/elhogargallego.cat\/es\/author\/elhogar\/"}]}},"_links":{"self":[{"href":"https:\/\/elhogargallego.cat\/es\/wp-json\/wp\/v2\/posts\/1506"}],"collection":[{"href":"https:\/\/elhogargallego.cat\/es\/wp-json\/wp\/v2\/posts"}],"about":[{"href":"https:\/\/elhogargallego.cat\/es\/wp-json\/wp\/v2\/types\/post"}],"author":[{"embeddable":true,"href":"https:\/\/elhogargallego.cat\/es\/wp-json\/wp\/v2\/users\/2"}],"replies":[{"embeddable":true,"href":"https:\/\/elhogargallego.cat\/es\/wp-json\/wp\/v2\/comments?post=1506"}],"version-history":[{"count":2,"href":"https:\/\/elhogargallego.cat\/es\/wp-json\/wp\/v2\/posts\/1506\/revisions"}],"predecessor-version":[{"id":28205,"href":"https:\/\/elhogargallego.cat\/es\/wp-json\/wp\/v2\/posts\/1506\/revisions\/28205"}],"wp:featuredmedia":[{"embeddable":true,"href":"https:\/\/elhogargallego.cat\/es\/wp-json\/wp\/v2\/media\/1498"}],"wp:attachment":[{"href":"https:\/\/elhogargallego.cat\/es\/wp-json\/wp\/v2\/media?parent=1506"}],"wp:term":[{"taxonomy":"category","embeddable":true,"href":"https:\/\/elhogargallego.cat\/es\/wp-json\/wp\/v2\/categories?post=1506"},{"taxonomy":"post_tag","embeddable":true,"href":"https:\/\/elhogargallego.cat\/es\/wp-json\/wp\/v2\/tags?post=1506"}],"curies":[{"name":"wp","href":"https:\/\/api.w.org\/{rel}","templated":true}]}}